{"id":20681,"date":"2017-01-01T00:07:56","date_gmt":"2016-12-31T23:07:56","guid":{"rendered":"https:\/\/www.forum-soegel.de\/information\/?p=20681"},"modified":"2016-12-30T21:20:10","modified_gmt":"2016-12-30T20:20:10","slug":"qualifikation-%e2%80%9eubungsleiter-c-lizenz-breitensport%e2%80%9c-erreicht","status":"publish","type":"post","link":"https:\/\/www.forum-soegel.de\/information\/2017\/01\/qualifikation-%e2%80%9eubungsleiter-c-lizenz-breitensport%e2%80%9c-erreicht\/","title":{"rendered":"Qualifikation \u201e\u00dcbungsleiter C-Lizenz-Breitensport\u201c erreicht"},"content":{"rendered":"<p style=\"text-align: left;\" align=\"center\"><strong>Ausbildung innerhalb des \u201eFreiwilligen Sozialen Jahres im Sport\u201c<\/strong><\/p>\n<p style=\"text-align: left;\" align=\"center\"><strong><\/strong>S\u00f6gel &#8211; Das Freiwillige Soziale Jahr (FSJ) im Sport ist ein Bildungs- und Orientierungsjahr, das die Bereitschaft junger Menschen f\u00fcr ein freiwilliges gesellschaftliches Engagement und die \u00dcbernahme von Verantwortung f\u00f6rdern m\u00f6chte. Dabei werden Einblicke in ein Einsatzfeld vermittelt, in dem die Teilnehmerinnen und Teilnehmer sowohl erste berufliche Erfahrungen sammeln, als sich auch f\u00fcr eine ehrenamtliche T\u00e4tigkeit entscheiden k\u00f6nnen.<\/p>\n<p>Sina Kohnen aus Holte absolviert ihr freiwilliges soziales Jahr im Sport beim Kreissportbund Emsland (KSB) in S\u00f6gel. Innerhalb der 15-t\u00e4gigen Pflichtseminartage qualifizierte sie sich gemeinsam mit 24 weiteren Teilnehmerinnen und Teilnehmern aus Niedersachsen und Bremen zum \u201e\u00dcbungsleiter C-Lizenz DOSB Breitensport\u201c. Daf\u00fcr wurde ihr durch den\u00a0 Vizepr\u00e4sident des KSB Emsland Willi Fenslage die Lizenz \u00fcberreicht.<\/p>\n<p>\u201eDie Sportvereine bieten attraktive Einsatzfelder\u201c, so Fenslage bei der Verleihung. \u201eNeben der T\u00e4tigkeit in der Kinder- und Jugendarbeit in einem Sportverein findet auch Arbeit an Schulen, zum Beispiel \u201eBewegte Pause\u201c, Turniere und Nachmittagsangebote sowie au\u00dferschulische Kinder- und Jugendarbeit, wie Ferienfreizeiten oder Lehrg\u00e4nge Anwendung. Ziele sind unter anderem neue Sportangebote zu entwickeln, die Gewinnung neuer Mitglieder, Unterst\u00fctzungsarbeiten f\u00fcr den Vorstand, Organisation von Veranstaltungen oder Projekten oder auch die Betreuung eine Homepage\u201c,\u00a0 f\u00fchrt Fenslage weiter aus.<\/p>\n<p>Weitere Informationen zum FSJ im Sport erteilt die Sportschule Emsland unter der Telefonnummer 05952-940103 oder per E-Mail an <a href=\"mailto:mail@sportschule-emsland.de\">mail@sportschule-emsland.de<\/a> oder auf der Homepage <a href=\"https:\/\/www.fwd-sport.de\/\">www.fwd-sport.de<\/a><strong>.<\/strong><\/p>\n<p>Text\/Foto: Maren Sostmann<\/p>\n<div id=\"attachment_20682\" style=\"width: 310px\" class=\"wp-caption alignnone\"><a href=\"https:\/\/www.forum-soegel.de\/information\/wp-content\/uploads\/2016\/12\/NUR-INTERNET-Qualifikation-\u201e\u00dcbungsleiter-C-Lizenz-Breitensport\u201c-erreicht.jpeg\"><img loading=\"lazy\" decoding=\"async\" aria-describedby=\"caption-attachment-20682\" class=\"size-medium wp-image-20682\" title=\"NUR INTERNET!!! Qualifikation \u201e\u00dcbungsleiter C-Lizenz-Breitensport\u201c erreicht\" src=\"https:\/\/www.forum-soegel.de\/information\/wp-content\/uploads\/2016\/12\/NUR-INTERNET-Qualifikation-\u201e\u00dcbungsleiter-C-Lizenz-Breitensport\u201c-erreicht-300x225.jpg\" alt=\"\" width=\"300\" height=\"225\" srcset=\"https:\/\/www.forum-soegel.de\/information\/wp-content\/uploads\/2016\/12\/NUR-INTERNET-Qualifikation-\u201e\u00dcbungsleiter-C-Lizenz-Breitensport\u201c-erreicht-300x225.jpg 300w, https:\/\/www.forum-soegel.de\/information\/wp-content\/uploads\/2016\/12\/NUR-INTERNET-Qualifikation-\u201e\u00dcbungsleiter-C-Lizenz-Breitensport\u201c-erreicht-1024x768.jpg 1024w, https:\/\/www.forum-soegel.de\/information\/wp-content\/uploads\/2016\/12\/NUR-INTERNET-Qualifikation-\u201e\u00dcbungsleiter-C-Lizenz-Breitensport\u201c-erreicht.jpeg 1280w\" sizes=\"auto, (max-width: 300px) 100vw, 300px\" \/><\/a><p id=\"caption-attachment-20682\" class=\"wp-caption-text\">Erste Gratulanten bei Sina Kohnen (MItte) waren der Gesch\u00e4ftsf\u00fchrer des KSB Emsland \u2013G\u00fcnter Klene (rechts) mit dem Vizepr\u00e4sident Bildung Willi Fenslage (links).<\/p><\/div>\n","protected":false},"excerpt":{"rendered":"Ausbildung innerhalb des \u201eFreiwilligen Sozialen Jahres im Sport\u201c S\u00f6gel &#8211; Das Freiwillige Soziale Jahr (FSJ) im Sport ist ein Bildungs- und Orientierungsjahr, das die Bereitschaft junger Menschen f\u00fcr ein freiwilliges gesellschaftliches Engagement und die \u00dcbernahme von Verantwortung f\u00f6rdern m\u00f6chte. Dabei werden Einblicke in ein Einsatzfeld vermittelt, in dem die Teilnehmerinnen und Teilnehmer sowohl erste berufliche [&hellip;]\n","protected":false},"author":2,"featured_media":0,"comment_status":"closed","ping_status":"closed","sticky":false,"template":"","format":"standard","meta":{"ngg_post_thumbnail":0,"footnotes":""},"categories":[5],"tags":[],"class_list":["post-20681","post","type-post","status-publish","format-standard","hentry","category-was-machen-die-vereine"],"_links":{"self":[{"href":"https:\/\/www.forum-soegel.de\/information\/wp-json\/wp\/v2\/posts\/20681","targetHints":{"allow":["GET"]}}],"collection":[{"href":"https:\/\/www.forum-soegel.de\/information\/wp-json\/wp\/v2\/posts"}],"about":[{"href":"https:\/\/www.forum-soegel.de\/information\/wp-json\/wp\/v2\/types\/post"}],"author":[{"embeddable":true,"href":"https:\/\/www.forum-soegel.de\/information\/wp-json\/wp\/v2\/users\/2"}],"replies":[{"embeddable":true,"href":"https:\/\/www.forum-soegel.de\/information\/wp-json\/wp\/v2\/comments?post=20681"}],"version-history":[{"count":1,"href":"https:\/\/www.forum-soegel.de\/information\/wp-json\/wp\/v2\/posts\/20681\/revisions"}],"predecessor-version":[{"id":20683,"href":"https:\/\/www.forum-soegel.de\/information\/wp-json\/wp\/v2\/posts\/20681\/revisions\/20683"}],"wp:attachment":[{"href":"https:\/\/www.forum-soegel.de\/information\/wp-json\/wp\/v2\/media?parent=20681"}],"wp:term":[{"taxonomy":"category","embeddable":true,"href":"https:\/\/www.forum-soegel.de\/information\/wp-json\/wp\/v2\/categories?post=20681"},{"taxonomy":"post_tag","embeddable":true,"href":"https:\/\/www.forum-soegel.de\/information\/wp-json\/wp\/v2\/tags?post=20681"}],"curies":[{"name":"wp","href":"https:\/\/api.w.org\/{rel}","templated":true}]}}