{"id":20609,"date":"2017-01-01T00:01:12","date_gmt":"2016-12-31T23:01:12","guid":{"rendered":"https:\/\/www.forum-soegel.de\/information\/?p=20609"},"modified":"2016-12-30T20:31:27","modified_gmt":"2016-12-30T19:31:27","slug":"pardkes-ball-des-ruf-sogel","status":"publish","type":"post","link":"https:\/\/www.forum-soegel.de\/information\/2017\/01\/pardkes-ball-des-ruf-sogel\/","title":{"rendered":"P\u00e4rdkes-Ball des RuF S\u00f6gel"},"content":{"rendered":"<p><a href=\"https:\/\/www.forum-soegel.de\/information\/wp-content\/uploads\/2014\/02\/Ruf.jpg\"><img loading=\"lazy\" decoding=\"async\" class=\"alignleft size-full wp-image-12943\" title=\"Ruf\" src=\"https:\/\/www.forum-soegel.de\/information\/wp-content\/uploads\/2014\/02\/Ruf.jpg\" alt=\"\" width=\"121\" height=\"147\" \/><\/a>S\u00f6gel &#8211; Der Reit- und Fahrverein S\u00f6gel l\u00e4dt herzlich ein zum traditionellen P\u00e4rdkes-Ball. Am Samstag, dem 07.01.2017 m\u00f6chten wir mit euch gemeinsam im \u201eClemenswerther Hof\u201c feiern. Wir beginnen p\u00fcnktlich um 20.00 Uhr. Eine gro\u00dfe Verlosung mit tollen Preisen ist vorbereitet. Musikalisch wird der Abend von \u201ePlug &amp; Play Music Company\u201c begleitet.<\/p>\n<p>Text: Karina Hinrichs<\/p>\n","protected":false},"excerpt":{"rendered":"S\u00f6gel &#8211; Der Reit- und Fahrverein S\u00f6gel l\u00e4dt herzlich ein zum traditionellen P\u00e4rdkes-Ball. Am Samstag, dem 07.01.2017 m\u00f6chten wir mit euch gemeinsam im \u201eClemenswerther Hof\u201c feiern. Wir beginnen p\u00fcnktlich um 20.00 Uhr. Eine gro\u00dfe Verlosung mit tollen Preisen ist vorbereitet. Musikalisch wird der Abend von \u201ePlug &amp; Play Music Company\u201c begleitet. Text: Karina Hinrichs\n","protected":false},"author":2,"featured_media":0,"comment_status":"closed","ping_status":"closed","sticky":false,"template":"","format":"standard","meta":{"ngg_post_thumbnail":0,"footnotes":""},"categories":[5],"tags":[],"class_list":["post-20609","post","type-post","status-publish","format-standard","hentry","category-was-machen-die-vereine"],"_links":{"self":[{"href":"https:\/\/www.forum-soegel.de\/information\/wp-json\/wp\/v2\/posts\/20609","targetHints":{"allow":["GET"]}}],"collection":[{"href":"https:\/\/www.forum-soegel.de\/information\/wp-json\/wp\/v2\/posts"}],"about":[{"href":"https:\/\/www.forum-soegel.de\/information\/wp-json\/wp\/v2\/types\/post"}],"author":[{"embeddable":true,"href":"https:\/\/www.forum-soegel.de\/information\/wp-json\/wp\/v2\/users\/2"}],"replies":[{"embeddable":true,"href":"https:\/\/www.forum-soegel.de\/information\/wp-json\/wp\/v2\/comments?post=20609"}],"version-history":[{"count":1,"href":"https:\/\/www.forum-soegel.de\/information\/wp-json\/wp\/v2\/posts\/20609\/revisions"}],"predecessor-version":[{"id":20610,"href":"https:\/\/www.forum-soegel.de\/information\/wp-json\/wp\/v2\/posts\/20609\/revisions\/20610"}],"wp:attachment":[{"href":"https:\/\/www.forum-soegel.de\/information\/wp-json\/wp\/v2\/media?parent=20609"}],"wp:term":[{"taxonomy":"category","embeddable":true,"href":"https:\/\/www.forum-soegel.de\/information\/wp-json\/wp\/v2\/categories?post=20609"},{"taxonomy":"post_tag","embeddable":true,"href":"https:\/\/www.forum-soegel.de\/information\/wp-json\/wp\/v2\/tags?post=20609"}],"curies":[{"name":"wp","href":"https:\/\/api.w.org\/{rel}","templated":true}]}}