{"id":20606,"date":"2017-01-01T00:07:05","date_gmt":"2016-12-31T23:07:05","guid":{"rendered":"https:\/\/www.forum-soegel.de\/information\/?p=20606"},"modified":"2016-12-30T20:29:02","modified_gmt":"2016-12-30T19:29:02","slug":"neues-outfit-fur-den-lauftreff-von-eintracht-borger","status":"publish","type":"post","link":"https:\/\/www.forum-soegel.de\/information\/2017\/01\/neues-outfit-fur-den-lauftreff-von-eintracht-borger\/","title":{"rendered":"Neues Outfit f\u00fcr den Lauftreff von Eintracht B\u00f6rger"},"content":{"rendered":"<p align=\"left\">B\u00f6rger &#8211; Kfz-Meister Bernd Sebers (2.v.l.)\u00a0von der gleichnamigen Autowerkstatt aus B\u00f6rger und auch ambitionierter L\u00e4ufer, stattete k\u00fcrzlich den wieder ins Leben gerufenen Lauftreff mit Laufshirts und Laufjacken aus.<\/p>\n<p align=\"left\">Anni Geers als Vertreterin der Leichtathletik Abteilung bedankte sich, auch im Namen des Vereins, bei dem Sponsor mit einem kleinen Pr\u00e4sent.<\/p>\n<p align=\"left\">Am Laufsport\u00a0 Interessierte k\u00f6nnen sich jederzeit dem Lauftreff anschlie\u00dfen. Auch Anf\u00e4nger sind herzlich willkommen und werden von erfahrenen L\u00e4ufern mit hilfreichen Tipps unterst\u00fctzt. Weitere Infos auf der Internetseite von Eintracht B\u00f6rger.<\/p>\n<p align=\"left\">Text\/Foto: Jens Henzen, Eintracht B\u00f6rger<\/p>\n<p align=\"left\"><a href=\"https:\/\/www.forum-soegel.de\/information\/wp-content\/uploads\/2016\/12\/Neus-Outfit-f\u00fcr-den-Lauftreff-von-Eintracht-B\u00f6rger.jpg\"><img loading=\"lazy\" decoding=\"async\" class=\"alignnone size-medium wp-image-20607\" title=\"Neus Outfit f\u00fcr den Lauftreff von Eintracht B\u00f6rger\" src=\"https:\/\/www.forum-soegel.de\/information\/wp-content\/uploads\/2016\/12\/Neus-Outfit-f\u00fcr-den-Lauftreff-von-Eintracht-B\u00f6rger-300x225.jpg\" alt=\"\" width=\"300\" height=\"225\" srcset=\"https:\/\/www.forum-soegel.de\/information\/wp-content\/uploads\/2016\/12\/Neus-Outfit-f\u00fcr-den-Lauftreff-von-Eintracht-B\u00f6rger-300x225.jpg 300w, https:\/\/www.forum-soegel.de\/information\/wp-content\/uploads\/2016\/12\/Neus-Outfit-f\u00fcr-den-Lauftreff-von-Eintracht-B\u00f6rger.jpg 1024w\" sizes=\"auto, (max-width: 300px) 100vw, 300px\" \/><\/a><\/p>\n<p>&nbsp;<\/p>\n","protected":false},"excerpt":{"rendered":"B\u00f6rger &#8211; Kfz-Meister Bernd Sebers (2.v.l.)\u00a0von der gleichnamigen Autowerkstatt aus B\u00f6rger und auch ambitionierter L\u00e4ufer, stattete k\u00fcrzlich den wieder ins Leben gerufenen Lauftreff mit Laufshirts und Laufjacken aus. Anni Geers als Vertreterin der Leichtathletik Abteilung bedankte sich, auch im Namen des Vereins, bei dem Sponsor mit einem kleinen Pr\u00e4sent. Am Laufsport\u00a0 Interessierte k\u00f6nnen sich jederzeit [&hellip;]\n","protected":false},"author":2,"featured_media":0,"comment_status":"closed","ping_status":"closed","sticky":false,"template":"","format":"standard","meta":{"ngg_post_thumbnail":0,"footnotes":""},"categories":[5],"tags":[],"class_list":["post-20606","post","type-post","status-publish","format-standard","hentry","category-was-machen-die-vereine"],"_links":{"self":[{"href":"https:\/\/www.forum-soegel.de\/information\/wp-json\/wp\/v2\/posts\/20606","targetHints":{"allow":["GET"]}}],"collection":[{"href":"https:\/\/www.forum-soegel.de\/information\/wp-json\/wp\/v2\/posts"}],"about":[{"href":"https:\/\/www.forum-soegel.de\/information\/wp-json\/wp\/v2\/types\/post"}],"author":[{"embeddable":true,"href":"https:\/\/www.forum-soegel.de\/information\/wp-json\/wp\/v2\/users\/2"}],"replies":[{"embeddable":true,"href":"https:\/\/www.forum-soegel.de\/information\/wp-json\/wp\/v2\/comments?post=20606"}],"version-history":[{"count":1,"href":"https:\/\/www.forum-soegel.de\/information\/wp-json\/wp\/v2\/posts\/20606\/revisions"}],"predecessor-version":[{"id":20608,"href":"https:\/\/www.forum-soegel.de\/information\/wp-json\/wp\/v2\/posts\/20606\/revisions\/20608"}],"wp:attachment":[{"href":"https:\/\/www.forum-soegel.de\/information\/wp-json\/wp\/v2\/media?parent=20606"}],"wp:term":[{"taxonomy":"category","embeddable":true,"href":"https:\/\/www.forum-soegel.de\/information\/wp-json\/wp\/v2\/categories?post=20606"},{"taxonomy":"post_tag","embeddable":true,"href":"https:\/\/www.forum-soegel.de\/information\/wp-json\/wp\/v2\/tags?post=20606"}],"curies":[{"name":"wp","href":"https:\/\/api.w.org\/{rel}","templated":true}]}}