{"id":20603,"date":"2017-01-01T00:05:19","date_gmt":"2016-12-31T23:05:19","guid":{"rendered":"https:\/\/www.forum-soegel.de\/information\/?p=20603"},"modified":"2016-12-30T20:27:01","modified_gmt":"2016-12-30T19:27:01","slug":"kartenverkauf-fur-den-kks-comedyabend-in-sogel-ist-gut-angelaufen","status":"publish","type":"post","link":"https:\/\/www.forum-soegel.de\/information\/2017\/01\/kartenverkauf-fur-den-kks-comedyabend-in-sogel-ist-gut-angelaufen\/","title":{"rendered":"Kartenverkauf f\u00fcr den KKS-Comedyabend in S\u00f6gel ist gut angelaufen"},"content":{"rendered":"<p><a href=\"https:\/\/www.forum-soegel.de\/information\/wp-content\/uploads\/2016\/12\/Kartenverkauf-f\u00fcr-den-KKS-Comedyabend-in-S\u00f6gel-ist-gut-angelaufen.jpg\"><img loading=\"lazy\" decoding=\"async\" class=\"alignleft size-medium wp-image-20604\" title=\"Kartenverkauf f\u00fcr den KKS-Comedyabend in S\u00f6gel ist gut angelaufen\" src=\"https:\/\/www.forum-soegel.de\/information\/wp-content\/uploads\/2016\/12\/Kartenverkauf-f\u00fcr-den-KKS-Comedyabend-in-S\u00f6gel-ist-gut-angelaufen-300x225.jpg\" alt=\"\" width=\"300\" height=\"225\" srcset=\"https:\/\/www.forum-soegel.de\/information\/wp-content\/uploads\/2016\/12\/Kartenverkauf-f\u00fcr-den-KKS-Comedyabend-in-S\u00f6gel-ist-gut-angelaufen-300x225.jpg 300w, https:\/\/www.forum-soegel.de\/information\/wp-content\/uploads\/2016\/12\/Kartenverkauf-f\u00fcr-den-KKS-Comedyabend-in-S\u00f6gel-ist-gut-angelaufen.jpg 1024w\" sizes=\"auto, (max-width: 300px) 100vw, 300px\" \/><\/a>S\u00f6gel &#8211; Die Vorbereitungen f\u00fcr die Comedyabende der Kolpingskapelle S\u00f6gel (KKS) laufen bereits auf Hochtouren. Die Sitzungen finden am 10. und 11.02. sowie am 17. und 18.02.2017 im Clemenswerther Hof statt. Die Karten sind im Clemenswerther Hof oder unter der Telefonnummer 05952\/1230 erh\u00e4ltlich.<\/p>\n<p>Nachdem die Sitzungen im letzten Jahr unter neuer F\u00fchrung erfolgreich \u00fcber die B\u00fchne gingen, wird nun auch das Image der Veranstaltung angepasst. Im Zuge dessen wird auch der S\u00f6geler Karneval neu ausgerichtet. \u201eDas neue Motto des Abends setzt sich zusammen aus dem treffenderen Begriff \u201eComedy\u201c und dem \u201eBunten Abend\u201c, mit dem alles begann\u201c, erkl\u00e4rte Karnevalspr\u00e4sident Johannes Lake. \u201eDie stetige Verj\u00fcngung der Akteure und das immer moderner werdende Programm wird durch den Begriff \u201eComedy\u201c weitaus besser beschrieben.\u201c Speziell das j\u00fcngere Publikum sei durch die neuen Medien wesentlich einfacher anzusprechen, so sollen diese als ein wesentlicher Bestandteil in den Fokus ger\u00fcckt werden. \u201eTrotzdem wird nat\u00fcrlich jeder auf seine Kosten kommen und sicherlich bleibt dabei kein Auge trocken\u201c, freut sich Lake auf die kommenden Sitzungen.<\/p>\n<p>Weiterhin soll die langj\u00e4hrige Partnerschaft mit dem Partnerverein aus Butjadingen in der n\u00e4chsten Saison ausgebaut werden. Die S\u00f6geler Narren besetzen im n\u00e4chsten Jahr den Elferrat der Sitzungen in Butjadingen. Aus diesem Grund wurde S\u00f6gel am 11.11. um 11.11 Uhr von einer Abordnung der Butjadinger zum \u201eTataahtatort 2017&#8243; ernannt. Denn so wie in S\u00f6gel \u201eHelau\u201c gerufen wird, hei\u00dft es in Butjadingen \u201eTataah\u201c. Laut Lake seien die S\u00f6geler schon seit Jahren zu Gast an der Nordsee. Den Elferrat f\u00fcr die Butjadinger zu stellen, sei jedoch eine Aufgabe, die einen ganz besonderen Reiz ausmache und auf die er sich schon sehr freuen w\u00fcrde.<\/p>\n<p>Die \u00c4nderung der Beschallung wurde in den letzten zwei Jahren professionell durch Firma \u201eNoiseless\u201c realisiert. Aus diesem Grund wird der Preis f\u00fcr die Karten ab diesem Jahr auf 12\u20ac angepasst.<\/p>\n<p>Hier nochmals die Daten in der \u00dcbersicht:<\/p>\n<p>21.01.2017\u00a0\u00a0\u00a0\u00a0\u00a0\u00a0\u00a0 Kappenfest und Inthronisierung des Prinzenpaares<\/p>\n<p>10.02.2017\u00a0\u00a0\u00a0\u00a0\u00a0\u00a0\u00a0 Erste n\u00e4rrische Sitzung + Aftershowparty<\/p>\n<p>11.02.2017\u00a0\u00a0\u00a0\u00a0\u00a0\u00a0\u00a0 Zweite n\u00e4rrische Sitzung + Aftershowparty<\/p>\n<p>17.02.2017\u00a0\u00a0\u00a0\u00a0\u00a0\u00a0\u00a0 Dritte n\u00e4rrische Sitzung + Aftershowparty<\/p>\n<p>18.02.2017\u00a0\u00a0\u00a0\u00a0\u00a0\u00a0\u00a0 Vierte n\u00e4rrische Sitzung + Aftershowparty<\/p>\n<p>Text\/Foto: Marina Heller<\/p>\n","protected":false},"excerpt":{"rendered":"S\u00f6gel &#8211; Die Vorbereitungen f\u00fcr die Comedyabende der Kolpingskapelle S\u00f6gel (KKS) laufen bereits auf Hochtouren. Die Sitzungen finden am 10. und 11.02. sowie am 17. und 18.02.2017 im Clemenswerther Hof statt. Die Karten sind im Clemenswerther Hof oder unter der Telefonnummer 05952\/1230 erh\u00e4ltlich. Nachdem die Sitzungen im letzten Jahr unter neuer F\u00fchrung erfolgreich \u00fcber die [&hellip;]\n","protected":false},"author":2,"featured_media":0,"comment_status":"closed","ping_status":"closed","sticky":false,"template":"","format":"standard","meta":{"ngg_post_thumbnail":0,"footnotes":""},"categories":[5],"tags":[],"class_list":["post-20603","post","type-post","status-publish","format-standard","hentry","category-was-machen-die-vereine"],"_links":{"self":[{"href":"https:\/\/www.forum-soegel.de\/information\/wp-json\/wp\/v2\/posts\/20603","targetHints":{"allow":["GET"]}}],"collection":[{"href":"https:\/\/www.forum-soegel.de\/information\/wp-json\/wp\/v2\/posts"}],"about":[{"href":"https:\/\/www.forum-soegel.de\/information\/wp-json\/wp\/v2\/types\/post"}],"author":[{"embeddable":true,"href":"https:\/\/www.forum-soegel.de\/information\/wp-json\/wp\/v2\/users\/2"}],"replies":[{"embeddable":true,"href":"https:\/\/www.forum-soegel.de\/information\/wp-json\/wp\/v2\/comments?post=20603"}],"version-history":[{"count":1,"href":"https:\/\/www.forum-soegel.de\/information\/wp-json\/wp\/v2\/posts\/20603\/revisions"}],"predecessor-version":[{"id":20605,"href":"https:\/\/www.forum-soegel.de\/information\/wp-json\/wp\/v2\/posts\/20603\/revisions\/20605"}],"wp:attachment":[{"href":"https:\/\/www.forum-soegel.de\/information\/wp-json\/wp\/v2\/media?parent=20603"}],"wp:term":[{"taxonomy":"category","embeddable":true,"href":"https:\/\/www.forum-soegel.de\/information\/wp-json\/wp\/v2\/categories?post=20603"},{"taxonomy":"post_tag","embeddable":true,"href":"https:\/\/www.forum-soegel.de\/information\/wp-json\/wp\/v2\/tags?post=20603"}],"curies":[{"name":"wp","href":"https:\/\/api.w.org\/{rel}","templated":true}]}}