{"id":20600,"date":"2017-01-01T00:04:05","date_gmt":"2016-12-31T23:04:05","guid":{"rendered":"https:\/\/www.forum-soegel.de\/information\/?p=20600"},"modified":"2016-12-30T20:25:16","modified_gmt":"2016-12-30T19:25:16","slug":"in-stavern-wurde-konigsbaum-gepflanzt","status":"publish","type":"post","link":"https:\/\/www.forum-soegel.de\/information\/2017\/01\/in-stavern-wurde-konigsbaum-gepflanzt\/","title":{"rendered":"In Stavern wurde K\u00f6nigsbaum gepflanzt"},"content":{"rendered":"<p>Stavern &#8211; Sch\u00fctzenk\u00f6nig Hans-Hermann Efken hat seinen K\u00f6nigsbaum an der Wasserm\u00fchle Bruneforth in Stavern gepflanzt. Im Beisein der Herren vom Thron, des Vorstandes und des B\u00fcrgermeisters wird traditonell jedes Jahr im Herbst der K\u00f6nigsbaum des amtlierenden K\u00f6nigs gepflanzt. Eine bleibende Erinnerung f\u00fcr den K\u00f6nig, aber auch sch\u00f6n f\u00fcr die vielen Besucher an der Wasserm\u00fchle Bruneforth. Eine sch\u00f6ne Tradition wie wir finden.<\/p>\n<p>Text\/Foto: Sch\u00fctzenverein Stavern<\/p>\n<p><a href=\"https:\/\/www.forum-soegel.de\/information\/wp-content\/uploads\/2016\/12\/In-Stavern-wurde-K\u00f6nigsbaum-gepflanzt.jpg\"><img loading=\"lazy\" decoding=\"async\" class=\"alignnone size-medium wp-image-20601\" title=\"In Stavern wurde K\u00f6nigsbaum gepflanzt\" src=\"https:\/\/www.forum-soegel.de\/information\/wp-content\/uploads\/2016\/12\/In-Stavern-wurde-K\u00f6nigsbaum-gepflanzt-300x168.jpg\" alt=\"\" width=\"300\" height=\"168\" srcset=\"https:\/\/www.forum-soegel.de\/information\/wp-content\/uploads\/2016\/12\/In-Stavern-wurde-K\u00f6nigsbaum-gepflanzt-300x168.jpg 300w, https:\/\/www.forum-soegel.de\/information\/wp-content\/uploads\/2016\/12\/In-Stavern-wurde-K\u00f6nigsbaum-gepflanzt.jpg 1024w\" sizes=\"auto, (max-width: 300px) 100vw, 300px\" \/><\/a><\/p>\n","protected":false},"excerpt":{"rendered":"Stavern &#8211; Sch\u00fctzenk\u00f6nig Hans-Hermann Efken hat seinen K\u00f6nigsbaum an der Wasserm\u00fchle Bruneforth in Stavern gepflanzt. Im Beisein der Herren vom Thron, des Vorstandes und des B\u00fcrgermeisters wird traditonell jedes Jahr im Herbst der K\u00f6nigsbaum des amtlierenden K\u00f6nigs gepflanzt. Eine bleibende Erinnerung f\u00fcr den K\u00f6nig, aber auch sch\u00f6n f\u00fcr die vielen Besucher an der Wasserm\u00fchle Bruneforth. [&hellip;]\n","protected":false},"author":2,"featured_media":0,"comment_status":"closed","ping_status":"closed","sticky":false,"template":"","format":"standard","meta":{"ngg_post_thumbnail":0,"footnotes":""},"categories":[5],"tags":[],"class_list":["post-20600","post","type-post","status-publish","format-standard","hentry","category-was-machen-die-vereine"],"_links":{"self":[{"href":"https:\/\/www.forum-soegel.de\/information\/wp-json\/wp\/v2\/posts\/20600","targetHints":{"allow":["GET"]}}],"collection":[{"href":"https:\/\/www.forum-soegel.de\/information\/wp-json\/wp\/v2\/posts"}],"about":[{"href":"https:\/\/www.forum-soegel.de\/information\/wp-json\/wp\/v2\/types\/post"}],"author":[{"embeddable":true,"href":"https:\/\/www.forum-soegel.de\/information\/wp-json\/wp\/v2\/users\/2"}],"replies":[{"embeddable":true,"href":"https:\/\/www.forum-soegel.de\/information\/wp-json\/wp\/v2\/comments?post=20600"}],"version-history":[{"count":1,"href":"https:\/\/www.forum-soegel.de\/information\/wp-json\/wp\/v2\/posts\/20600\/revisions"}],"predecessor-version":[{"id":20602,"href":"https:\/\/www.forum-soegel.de\/information\/wp-json\/wp\/v2\/posts\/20600\/revisions\/20602"}],"wp:attachment":[{"href":"https:\/\/www.forum-soegel.de\/information\/wp-json\/wp\/v2\/media?parent=20600"}],"wp:term":[{"taxonomy":"category","embeddable":true,"href":"https:\/\/www.forum-soegel.de\/information\/wp-json\/wp\/v2\/categories?post=20600"},{"taxonomy":"post_tag","embeddable":true,"href":"https:\/\/www.forum-soegel.de\/information\/wp-json\/wp\/v2\/tags?post=20600"}],"curies":[{"name":"wp","href":"https:\/\/api.w.org\/{rel}","templated":true}]}}