{"id":20594,"date":"2017-01-01T00:01:26","date_gmt":"2016-12-31T23:01:26","guid":{"rendered":"https:\/\/www.forum-soegel.de\/information\/?p=20594"},"modified":"2016-12-30T20:24:02","modified_gmt":"2016-12-30T19:24:02","slug":"heimat-%e2%80%93-mehr-als-ein-geographischer-ort","status":"publish","type":"post","link":"https:\/\/www.forum-soegel.de\/information\/2017\/01\/heimat-%e2%80%93-mehr-als-ein-geographischer-ort\/","title":{"rendered":"Heimat \u2013 mehr als ein geographischer Ort"},"content":{"rendered":"<p>S\u00f6gel &#8211; \u201eUbi bene, ibi patria.\u201c Wo&#8217;s mir gut geht, ist mein Vaterland, lautete ein Ausspruch der alten R\u00f6mer. Heimat geht weit \u00fcbers Gutgehen hinaus. Es ist ein Ort lebenslanger Erinnerungen, ein Ort, der starke Gef\u00fchle weckt, ein Ort angenehmer ( und auch unangenehmer) Kindheitserinnerungen, ein Ort, der meine Pers\u00f6nlichkeit mit pr\u00e4gt, mit dem ich mich identifiziere, also Identit\u00e4t bilde, den ich auch nach langer Abwesenheit zusammen mit seinen Menschen und Ereignissen wiedererkenne.<\/p>\n<p>Exakt diese Heimat bildete die Ausstellung \u201eDer H\u00fcmmling im Spiegel der 50er und 60er Jahre \u2013 Die Entwicklung einer Region\u201c ab. Das Forum S\u00f6gel hat sie unter Federf\u00fchrung von Hermann Wichmann im S\u00f6geler Rathaus pr\u00e4sentiert. H. Wichmann hat mit einer gro\u00dfen Zahl an Miterbeitern\/innen in akribischer Arbeit ca. 50 000 Filmnegative ausgewertet. Sie stammten von dem Fotografen, Apotheker und Drogisten Werner Holtmann und anderen. Ihnen wurden Tafeln der Ausstellung gewidmet. Neben weiteren Exponaten aus anderen Quellen bildeten die Bilder mit kurzen Erl\u00e4uterungen den Schwerpunkt der Ausstellung. Sie zeigte u. a. Orte des H\u00fcmmlings im Wandel sowie deren Zukunftspl\u00e4ne. Die Zeit vor dem Zweiten Weltkrieg und dieser selbst wurden thematisiert ebenso wie Landschaft, Wiederaufbau, Bauen, Wohnen, Gesch\u00e4fte, Gewerbe, Krankenhaus, beide Kirchen S\u00f6gels, das Dorfleben und vieles andere mehr. Ganz besonderes Interesse fanden nat\u00fcrlich die Bildergalerien, die Vereine, Gruppen und einzelne Menschen zeigten.<\/p>\n<p>Die Ausstellung wurde am 26. 11. 2016 im Rathaus S\u00f6gel er\u00f6ffnet und leider Ende Dezember schon wieder geschlossen. Erinnerungsarbeit bedeutet in der Psychologie vor allem, Unangenehmes und Belastendes aufzuarbeiten. Diese Ausstellung leistete Erinnerungsarbeit in g\u00e4nzlich positiver Form, indem sie die Eltern, die Kindheit, die Jugenderlebnisse, die Heimat von fr\u00fcher und jetzt mit den Augen \u201egreifbar\u201c machte und in Beziehung zur eigenen Geschichte setzte. Es bleibt zu hoffen, dass die Ausstellung an anderem Ort wiederholt wird.<\/p>\n<p>Sollte jemand die Ausstellung nicht gesehen haben oder sie vertiefen wollen, so kann er auf den Bildband gleichen Namens zur\u00fcckgreifen. Das Buch enth\u00e4lt die Ausstellungsbilder und geht noch \u00fcber die der Ausstellung hinaus. Es kann in der Geschichtswerkstatt des Forums S\u00f6gel sowie in der Buchhandlung L\u00fcbs in S\u00f6gel erworben werden.<\/p>\n<p>Text\/Foto: UM<\/p>\n<p><a href=\"https:\/\/www.forum-soegel.de\/information\/wp-content\/uploads\/2016\/12\/Heimat-mehr-als-ein-geographischer-Ort1.jpg\"><img loading=\"lazy\" decoding=\"async\" class=\"alignnone size-thumbnail wp-image-20595\" title=\"Heimat  mehr als ein geographischer Ort1\" src=\"https:\/\/www.forum-soegel.de\/information\/wp-content\/uploads\/2016\/12\/Heimat-mehr-als-ein-geographischer-Ort1-150x150.jpg\" alt=\"\" width=\"150\" height=\"150\" \/><\/a>\u00a0\u00a0<a href=\"https:\/\/www.forum-soegel.de\/information\/wp-content\/uploads\/2016\/12\/Heimat-mehr-als-ein-geographischer-Ort2.jpg\"><img loading=\"lazy\" decoding=\"async\" class=\"alignnone size-thumbnail wp-image-20596\" title=\"Heimat  mehr als ein geographischer Ort2\" src=\"https:\/\/www.forum-soegel.de\/information\/wp-content\/uploads\/2016\/12\/Heimat-mehr-als-ein-geographischer-Ort2-150x150.jpg\" alt=\"\" width=\"150\" height=\"150\" \/><\/a><\/p>\n<p><a href=\"https:\/\/www.forum-soegel.de\/information\/wp-content\/uploads\/2016\/12\/Heimat-mehr-als-ein-geographischer-Ort3.jpg\"><img loading=\"lazy\" decoding=\"async\" class=\"alignnone size-thumbnail wp-image-20597\" title=\"Heimat  mehr als ein geographischer Ort3\" src=\"https:\/\/www.forum-soegel.de\/information\/wp-content\/uploads\/2016\/12\/Heimat-mehr-als-ein-geographischer-Ort3-150x150.jpg\" alt=\"\" width=\"150\" height=\"150\" \/><\/a>\u00a0\u00a0<a href=\"https:\/\/www.forum-soegel.de\/information\/wp-content\/uploads\/2016\/12\/Heimat-mehr-als-ein-geographischer-Ort4.jpg\"><img loading=\"lazy\" decoding=\"async\" class=\"alignnone size-thumbnail wp-image-20598\" title=\"Heimat  mehr als ein geographischer Ort4\" src=\"https:\/\/www.forum-soegel.de\/information\/wp-content\/uploads\/2016\/12\/Heimat-mehr-als-ein-geographischer-Ort4-150x150.jpg\" alt=\"\" width=\"150\" height=\"150\" \/><\/a><\/p>\n<p>&nbsp;<\/p>\n","protected":false},"excerpt":{"rendered":"S\u00f6gel &#8211; \u201eUbi bene, ibi patria.\u201c Wo&#8217;s mir gut geht, ist mein Vaterland, lautete ein Ausspruch der alten R\u00f6mer. Heimat geht weit \u00fcbers Gutgehen hinaus. Es ist ein Ort lebenslanger Erinnerungen, ein Ort, der starke Gef\u00fchle weckt, ein Ort angenehmer ( und auch unangenehmer) Kindheitserinnerungen, ein Ort, der meine Pers\u00f6nlichkeit mit pr\u00e4gt, mit dem ich [&hellip;]\n","protected":false},"author":2,"featured_media":0,"comment_status":"closed","ping_status":"closed","sticky":false,"template":"","format":"standard","meta":{"ngg_post_thumbnail":0,"footnotes":""},"categories":[5],"tags":[],"class_list":["post-20594","post","type-post","status-publish","format-standard","hentry","category-was-machen-die-vereine"],"_links":{"self":[{"href":"https:\/\/www.forum-soegel.de\/information\/wp-json\/wp\/v2\/posts\/20594","targetHints":{"allow":["GET"]}}],"collection":[{"href":"https:\/\/www.forum-soegel.de\/information\/wp-json\/wp\/v2\/posts"}],"about":[{"href":"https:\/\/www.forum-soegel.de\/information\/wp-json\/wp\/v2\/types\/post"}],"author":[{"embeddable":true,"href":"https:\/\/www.forum-soegel.de\/information\/wp-json\/wp\/v2\/users\/2"}],"replies":[{"embeddable":true,"href":"https:\/\/www.forum-soegel.de\/information\/wp-json\/wp\/v2\/comments?post=20594"}],"version-history":[{"count":1,"href":"https:\/\/www.forum-soegel.de\/information\/wp-json\/wp\/v2\/posts\/20594\/revisions"}],"predecessor-version":[{"id":20599,"href":"https:\/\/www.forum-soegel.de\/information\/wp-json\/wp\/v2\/posts\/20594\/revisions\/20599"}],"wp:attachment":[{"href":"https:\/\/www.forum-soegel.de\/information\/wp-json\/wp\/v2\/media?parent=20594"}],"wp:term":[{"taxonomy":"category","embeddable":true,"href":"https:\/\/www.forum-soegel.de\/information\/wp-json\/wp\/v2\/categories?post=20594"},{"taxonomy":"post_tag","embeddable":true,"href":"https:\/\/www.forum-soegel.de\/information\/wp-json\/wp\/v2\/tags?post=20594"}],"curies":[{"name":"wp","href":"https:\/\/api.w.org\/{rel}","templated":true}]}}