{"id":20587,"date":"2017-01-01T00:07:29","date_gmt":"2016-12-31T23:07:29","guid":{"rendered":"https:\/\/www.forum-soegel.de\/information\/?p=20587"},"modified":"2016-12-30T20:19:28","modified_gmt":"2016-12-30T19:19:28","slug":"sauberzauber","status":"publish","type":"post","link":"https:\/\/www.forum-soegel.de\/information\/2017\/01\/sauberzauber\/","title":{"rendered":"Sauberzauber"},"content":{"rendered":"<p align=\"left\">S\u00f6gel &#8211; Anfang Dezember er\u00f6ffnete der Reinigungsservice \u201eSauberzauber\u201c in der Joh.-Ev.-Holzer Str. 24 B seine R\u00e4umlichkeiten.<\/p>\n<p align=\"left\">Mit Michaela und Sascha Herkel hat ein kompetentes Ehepaar ein Serviceunternehmen gegr\u00fcndet, das mit klarem Konzept die Zielgruppen anspricht.<\/p>\n<p align=\"left\">So hei\u00dft es in dem Flyer: \u201eReinigungsservice in und um S\u00f6gel \u2013Reinigungen aller Art\u201c \u2013 oder \u2013 \u201eAn alle Gesch\u00e4ftsh\u00e4user\u201c mit dem Hinweis auf Unterhaltsreinigung f\u00fcr Praxis, B\u00fcro oder Gesch\u00e4fte.<\/p>\n<p align=\"left\">Die S\u00f6geler B\u00fcrgermeisterin Irmgard Welling und Adolf Jelges als Vertreter des Wirtschaftsverbandes gratulierten ganz herzlich und w\u00fcnschten dem Ehepaar Herkel einen guten Start mit viel Erfolg.<\/p>\n<p align=\"left\">Erreichbar ist \u201eSauberzauber\u201c unter <a href=\"mailto:sauberzauber2015@web.de\">sauberzauber2015@web.de<\/a> oder 015786779708<\/p>\n<p align=\"left\">Text\/Foto: Klaus Sch\u00e4ffner<\/p>\n<p align=\"left\"><a href=\"https:\/\/www.forum-soegel.de\/information\/wp-content\/uploads\/2016\/12\/Sauberzauber.jpg\"><img loading=\"lazy\" decoding=\"async\" class=\"alignnone size-medium wp-image-20588\" title=\"Sauberzauber\" src=\"https:\/\/www.forum-soegel.de\/information\/wp-content\/uploads\/2016\/12\/Sauberzauber-300x232.jpg\" alt=\"\" width=\"300\" height=\"232\" srcset=\"https:\/\/www.forum-soegel.de\/information\/wp-content\/uploads\/2016\/12\/Sauberzauber-300x232.jpg 300w, https:\/\/www.forum-soegel.de\/information\/wp-content\/uploads\/2016\/12\/Sauberzauber-1024x794.jpg 1024w, https:\/\/www.forum-soegel.de\/information\/wp-content\/uploads\/2016\/12\/Sauberzauber.jpg 1377w\" sizes=\"auto, (max-width: 300px) 100vw, 300px\" \/><\/a><\/p>\n","protected":false},"excerpt":{"rendered":"S\u00f6gel &#8211; Anfang Dezember er\u00f6ffnete der Reinigungsservice \u201eSauberzauber\u201c in der Joh.-Ev.-Holzer Str. 24 B seine R\u00e4umlichkeiten. Mit Michaela und Sascha Herkel hat ein kompetentes Ehepaar ein Serviceunternehmen gegr\u00fcndet, das mit klarem Konzept die Zielgruppen anspricht. So hei\u00dft es in dem Flyer: \u201eReinigungsservice in und um S\u00f6gel \u2013Reinigungen aller Art\u201c \u2013 oder \u2013 \u201eAn alle Gesch\u00e4ftsh\u00e4user\u201c [&hellip;]\n","protected":false},"author":2,"featured_media":0,"comment_status":"closed","ping_status":"closed","sticky":false,"template":"","format":"standard","meta":{"ngg_post_thumbnail":0,"footnotes":""},"categories":[4],"tags":[],"class_list":["post-20587","post","type-post","status-publish","format-standard","hentry","category-aus-der-geschaftswelt"],"_links":{"self":[{"href":"https:\/\/www.forum-soegel.de\/information\/wp-json\/wp\/v2\/posts\/20587","targetHints":{"allow":["GET"]}}],"collection":[{"href":"https:\/\/www.forum-soegel.de\/information\/wp-json\/wp\/v2\/posts"}],"about":[{"href":"https:\/\/www.forum-soegel.de\/information\/wp-json\/wp\/v2\/types\/post"}],"author":[{"embeddable":true,"href":"https:\/\/www.forum-soegel.de\/information\/wp-json\/wp\/v2\/users\/2"}],"replies":[{"embeddable":true,"href":"https:\/\/www.forum-soegel.de\/information\/wp-json\/wp\/v2\/comments?post=20587"}],"version-history":[{"count":2,"href":"https:\/\/www.forum-soegel.de\/information\/wp-json\/wp\/v2\/posts\/20587\/revisions"}],"predecessor-version":[{"id":20590,"href":"https:\/\/www.forum-soegel.de\/information\/wp-json\/wp\/v2\/posts\/20587\/revisions\/20590"}],"wp:attachment":[{"href":"https:\/\/www.forum-soegel.de\/information\/wp-json\/wp\/v2\/media?parent=20587"}],"wp:term":[{"taxonomy":"category","embeddable":true,"href":"https:\/\/www.forum-soegel.de\/information\/wp-json\/wp\/v2\/categories?post=20587"},{"taxonomy":"post_tag","embeddable":true,"href":"https:\/\/www.forum-soegel.de\/information\/wp-json\/wp\/v2\/tags?post=20587"}],"curies":[{"name":"wp","href":"https:\/\/api.w.org\/{rel}","templated":true}]}}