{"id":20577,"date":"2017-01-01T00:04:26","date_gmt":"2016-12-31T23:04:26","guid":{"rendered":"https:\/\/www.forum-soegel.de\/information\/?p=20577"},"modified":"2016-12-30T20:16:53","modified_gmt":"2016-12-30T19:16:53","slug":"wiedersehenstreffen-pfingstzeltlager-2016-vorstellen-des-neuen-lagers-2017","status":"publish","type":"post","link":"https:\/\/www.forum-soegel.de\/information\/2017\/01\/wiedersehenstreffen-pfingstzeltlager-2016-vorstellen-des-neuen-lagers-2017\/","title":{"rendered":"Wiedersehenstreffen Pfingstzeltlager 2016 \/ Vorstellen des neuen Lagers 2017"},"content":{"rendered":"<div id=\"attachment_20583\" style=\"width: 310px\" class=\"wp-caption alignnone\"><a href=\"https:\/\/www.forum-soegel.de\/information\/wp-content\/uploads\/2016\/12\/Wiedersehenstreffen-Pfingstzeltlager-2016-Vorstellen-des-neuen-Lagers-2017-31.jpg\"><img loading=\"lazy\" decoding=\"async\" aria-describedby=\"caption-attachment-20583\" class=\"size-medium wp-image-20583\" title=\"Wiedersehenstreffen Pfingstzeltlager 2016  Vorstellen des neuen Lagers 2017-3\" src=\"https:\/\/www.forum-soegel.de\/information\/wp-content\/uploads\/2016\/12\/Wiedersehenstreffen-Pfingstzeltlager-2016-Vorstellen-des-neuen-Lagers-2017-31-300x168.jpg\" alt=\"\" width=\"300\" height=\"168\" srcset=\"https:\/\/www.forum-soegel.de\/information\/wp-content\/uploads\/2016\/12\/Wiedersehenstreffen-Pfingstzeltlager-2016-Vorstellen-des-neuen-Lagers-2017-31-300x168.jpg 300w, https:\/\/www.forum-soegel.de\/information\/wp-content\/uploads\/2016\/12\/Wiedersehenstreffen-Pfingstzeltlager-2016-Vorstellen-des-neuen-Lagers-2017-31-1024x575.jpg 1024w, https:\/\/www.forum-soegel.de\/information\/wp-content\/uploads\/2016\/12\/Wiedersehenstreffen-Pfingstzeltlager-2016-Vorstellen-des-neuen-Lagers-2017-31.jpg 1599w\" sizes=\"auto, (max-width: 300px) 100vw, 300px\" \/><\/a><p id=\"caption-attachment-20583\" class=\"wp-caption-text\">S\u00f6gel - Das letzte Pfingstzeltlager liegt nun schon etwas zur\u00fcck, doch vergessen k\u00f6nnen wir es nicht! Anhand von Bildern und Erz\u00e4hlungen m\u00f6chten wir mit euch und Ihnen, liebe Eltern, am Sonntag, dem 19.02.2017 um 15.00 Uhr das Jahr 2016 Revue passieren lassen. Gleichzeitig m\u00f6chten wir den Platz und das Team f\u00fcr das kommende Jahr 2017 vorstellen. Alle Kinder und Eltern sind herzlich eingeladen! Das Team des Pfingstzeltlager der Kolpingsfamilie S\u00f6gel -Stavern<\/p><\/div>\n<p><a href=\"https:\/\/www.forum-soegel.de\/information\/wp-content\/uploads\/2016\/12\/Wiedersehenstreffen-Pfingstzeltlager-2016-Vorstellen-des-neuen-Lagers-2017-11.jpg\"><img loading=\"lazy\" decoding=\"async\" class=\"alignnone size-thumbnail wp-image-20584\" title=\"Wiedersehenstreffen Pfingstzeltlager 2016  Vorstellen des neuen Lagers 2017-1\" src=\"https:\/\/www.forum-soegel.de\/information\/wp-content\/uploads\/2016\/12\/Wiedersehenstreffen-Pfingstzeltlager-2016-Vorstellen-des-neuen-Lagers-2017-11-150x150.jpg\" alt=\"\" width=\"150\" height=\"150\" \/><\/a>\u00a0\u00a0<a href=\"https:\/\/www.forum-soegel.de\/information\/wp-content\/uploads\/2016\/12\/Wiedersehenstreffen-Pfingstzeltlager-2016-Vorstellen-des-neuen-Lagers-2017-21.jpg\"><img loading=\"lazy\" decoding=\"async\" class=\"alignnone size-thumbnail wp-image-20585\" title=\"Wiedersehenstreffen Pfingstzeltlager 2016  Vorstellen des neuen Lagers 2017-2\" src=\"https:\/\/www.forum-soegel.de\/information\/wp-content\/uploads\/2016\/12\/Wiedersehenstreffen-Pfingstzeltlager-2016-Vorstellen-des-neuen-Lagers-2017-21-150x150.jpg\" alt=\"\" width=\"150\" height=\"150\" \/><\/a><\/p>\n<p>Text\/Foto: Petra Nortmann<\/p>\n<p>&nbsp;<\/p>\n","protected":false},"excerpt":{"rendered":"\u00a0\u00a0 Text\/Foto: Petra Nortmann &nbsp;\n","protected":false},"author":2,"featured_media":0,"comment_status":"closed","ping_status":"closed","sticky":false,"template":"","format":"standard","meta":{"ngg_post_thumbnail":0,"footnotes":""},"categories":[868],"tags":[],"class_list":["post-20577","post","type-post","status-publish","format-standard","hentry","category-zwischen-himmel-und-erde"],"_links":{"self":[{"href":"https:\/\/www.forum-soegel.de\/information\/wp-json\/wp\/v2\/posts\/20577","targetHints":{"allow":["GET"]}}],"collection":[{"href":"https:\/\/www.forum-soegel.de\/information\/wp-json\/wp\/v2\/posts"}],"about":[{"href":"https:\/\/www.forum-soegel.de\/information\/wp-json\/wp\/v2\/types\/post"}],"author":[{"embeddable":true,"href":"https:\/\/www.forum-soegel.de\/information\/wp-json\/wp\/v2\/users\/2"}],"replies":[{"embeddable":true,"href":"https:\/\/www.forum-soegel.de\/information\/wp-json\/wp\/v2\/comments?post=20577"}],"version-history":[{"count":3,"href":"https:\/\/www.forum-soegel.de\/information\/wp-json\/wp\/v2\/posts\/20577\/revisions"}],"predecessor-version":[{"id":20586,"href":"https:\/\/www.forum-soegel.de\/information\/wp-json\/wp\/v2\/posts\/20577\/revisions\/20586"}],"wp:attachment":[{"href":"https:\/\/www.forum-soegel.de\/information\/wp-json\/wp\/v2\/media?parent=20577"}],"wp:term":[{"taxonomy":"category","embeddable":true,"href":"https:\/\/www.forum-soegel.de\/information\/wp-json\/wp\/v2\/categories?post=20577"},{"taxonomy":"post_tag","embeddable":true,"href":"https:\/\/www.forum-soegel.de\/information\/wp-json\/wp\/v2\/tags?post=20577"}],"curies":[{"name":"wp","href":"https:\/\/api.w.org\/{rel}","templated":true}]}}