{"id":20560,"date":"2017-01-01T00:01:34","date_gmt":"2016-12-31T23:01:34","guid":{"rendered":"https:\/\/www.forum-soegel.de\/information\/?p=20560"},"modified":"2016-12-30T20:04:24","modified_gmt":"2016-12-30T19:04:24","slug":"kinder-aus-stavern-spenden-fur-die-warmestube-meppen","status":"publish","type":"post","link":"https:\/\/www.forum-soegel.de\/information\/2017\/01\/kinder-aus-stavern-spenden-fur-die-warmestube-meppen\/","title":{"rendered":"Kinder aus Stavern spenden f\u00fcr die W\u00e4rmestube Meppen"},"content":{"rendered":"<p><a href=\"https:\/\/www.forum-soegel.de\/information\/wp-content\/uploads\/2017\/01\/W\u00e4rmestube.jpg\"><img loading=\"lazy\" decoding=\"async\" class=\"alignleft size-medium wp-image-20565\" title=\"W\u00e4rmestube\" src=\"https:\/\/www.forum-soegel.de\/information\/wp-content\/uploads\/2017\/01\/W\u00e4rmestube-300x168.jpg\" alt=\"\" width=\"300\" height=\"168\" srcset=\"https:\/\/www.forum-soegel.de\/information\/wp-content\/uploads\/2017\/01\/W\u00e4rmestube-300x168.jpg 300w, https:\/\/www.forum-soegel.de\/information\/wp-content\/uploads\/2017\/01\/W\u00e4rmestube.jpg 325w\" sizes=\"auto, (max-width: 300px) 100vw, 300px\" \/><\/a>Stavern &#8211; Stolze 215 \u20ac haben die 11 Martinssinger der Blumensiedlung Gr. Stavern der W\u00e4rmestube Meppen \u00fcberreichen k\u00f6nnen.<\/p>\n<p>Die W\u00e4rmestube, unter der Leitung von Frau Behnes, besteht seit 1995 in unmittelbarer Nachbarschaft zum Ludmillenstift. Tr\u00e4ger ist die Pfarrcaritas der Propsteigemeinde St. Vitus.<\/p>\n<p>Viele ehrenamtliche Mitarbeiter unterst\u00fctzen die bed\u00fcrftigen Menschen, die sich in unterschiedlich schweren Situationen befinden. In der W\u00e4rmestube haben sie die M\u00f6glichkeit sich zu duschen, Kleidung zu waschen, eine warme Mahlzeit zu sich zu nehmen, neue Kr\u00e4fte zu sammeln und Gemeinschaft zu erleben.<\/p>\n<p>Am Heiligabend erhalten die bed\u00fcrftigen Menschen in geselliger Runde kleine Geschenke, welche aus Spendengeldern finanziert werden. Da kommt der Einsatz der Kinder aus Stavern gerade richtig und wird mit herzlichem Dank von Frau Behnes und dem ehrenamtlichen Mitarbeiter Michael Straeck entgegen genommen.<\/p>\n<p>Text: Sandra Wilkens \/ Foto Kinder: Michael Malachinski<\/p>\n<p>Foto W\u00e4rmestube: Sandra Wilkens<\/p>\n<p><a href=\"https:\/\/www.forum-soegel.de\/information\/wp-content\/uploads\/2016\/12\/Kinder-aus-Stavern-spenden-f\u00fcr-die-W\u00e4rmestube-Meppen.jpg\"><img loading=\"lazy\" decoding=\"async\" class=\"size-medium wp-image-20561 alignleft\" title=\"Kinder aus Stavern spenden f\u00fcr die W\u00e4rmestube Meppen\" src=\"https:\/\/www.forum-soegel.de\/information\/wp-content\/uploads\/2016\/12\/Kinder-aus-Stavern-spenden-f\u00fcr-die-W\u00e4rmestube-Meppen-300x200.jpg\" alt=\"\" width=\"300\" height=\"200\" srcset=\"https:\/\/www.forum-soegel.de\/information\/wp-content\/uploads\/2016\/12\/Kinder-aus-Stavern-spenden-f\u00fcr-die-W\u00e4rmestube-Meppen-300x200.jpg 300w, https:\/\/www.forum-soegel.de\/information\/wp-content\/uploads\/2016\/12\/Kinder-aus-Stavern-spenden-f\u00fcr-die-W\u00e4rmestube-Meppen.jpg 1024w\" sizes=\"auto, (max-width: 300px) 100vw, 300px\" \/><\/a><\/p>\n","protected":false},"excerpt":{"rendered":"Stavern &#8211; Stolze 215 \u20ac haben die 11 Martinssinger der Blumensiedlung Gr. Stavern der W\u00e4rmestube Meppen \u00fcberreichen k\u00f6nnen. Die W\u00e4rmestube, unter der Leitung von Frau Behnes, besteht seit 1995 in unmittelbarer Nachbarschaft zum Ludmillenstift. Tr\u00e4ger ist die Pfarrcaritas der Propsteigemeinde St. Vitus. Viele ehrenamtliche Mitarbeiter unterst\u00fctzen die bed\u00fcrftigen Menschen, die sich in unterschiedlich schweren Situationen [&hellip;]\n","protected":false},"author":2,"featured_media":0,"comment_status":"closed","ping_status":"closed","sticky":false,"template":"","format":"standard","meta":{"ngg_post_thumbnail":0,"footnotes":""},"categories":[868],"tags":[],"class_list":["post-20560","post","type-post","status-publish","format-standard","hentry","category-zwischen-himmel-und-erde"],"_links":{"self":[{"href":"https:\/\/www.forum-soegel.de\/information\/wp-json\/wp\/v2\/posts\/20560","targetHints":{"allow":["GET"]}}],"collection":[{"href":"https:\/\/www.forum-soegel.de\/information\/wp-json\/wp\/v2\/posts"}],"about":[{"href":"https:\/\/www.forum-soegel.de\/information\/wp-json\/wp\/v2\/types\/post"}],"author":[{"embeddable":true,"href":"https:\/\/www.forum-soegel.de\/information\/wp-json\/wp\/v2\/users\/2"}],"replies":[{"embeddable":true,"href":"https:\/\/www.forum-soegel.de\/information\/wp-json\/wp\/v2\/comments?post=20560"}],"version-history":[{"count":3,"href":"https:\/\/www.forum-soegel.de\/information\/wp-json\/wp\/v2\/posts\/20560\/revisions"}],"predecessor-version":[{"id":20566,"href":"https:\/\/www.forum-soegel.de\/information\/wp-json\/wp\/v2\/posts\/20560\/revisions\/20566"}],"wp:attachment":[{"href":"https:\/\/www.forum-soegel.de\/information\/wp-json\/wp\/v2\/media?parent=20560"}],"wp:term":[{"taxonomy":"category","embeddable":true,"href":"https:\/\/www.forum-soegel.de\/information\/wp-json\/wp\/v2\/categories?post=20560"},{"taxonomy":"post_tag","embeddable":true,"href":"https:\/\/www.forum-soegel.de\/information\/wp-json\/wp\/v2\/tags?post=20560"}],"curies":[{"name":"wp","href":"https:\/\/api.w.org\/{rel}","templated":true}]}}