{"id":20548,"date":"2017-01-01T00:03:35","date_gmt":"2016-12-31T23:03:35","guid":{"rendered":"https:\/\/www.forum-soegel.de\/information\/?p=20548"},"modified":"2016-12-30T19:35:23","modified_gmt":"2016-12-30T18:35:23","slug":"bundesweiter-vorlesetag","status":"publish","type":"post","link":"https:\/\/www.forum-soegel.de\/information\/2017\/01\/bundesweiter-vorlesetag\/","title":{"rendered":"Bundesweiter Vorlesetag"},"content":{"rendered":"<p><a href=\"https:\/\/www.forum-soegel.de\/information\/wp-content\/uploads\/2016\/12\/Bundesweiter-Vorlesetag.jpg\"><img loading=\"lazy\" decoding=\"async\" class=\"alignleft size-medium wp-image-20549\" title=\"Bundesweiter Vorlesetag\" src=\"https:\/\/www.forum-soegel.de\/information\/wp-content\/uploads\/2016\/12\/Bundesweiter-Vorlesetag-300x197.jpg\" alt=\"\" width=\"300\" height=\"197\" srcset=\"https:\/\/www.forum-soegel.de\/information\/wp-content\/uploads\/2016\/12\/Bundesweiter-Vorlesetag-300x197.jpg 300w, https:\/\/www.forum-soegel.de\/information\/wp-content\/uploads\/2016\/12\/Bundesweiter-Vorlesetag.jpg 1024w\" sizes=\"auto, (max-width: 300px) 100vw, 300px\" \/><\/a>B\u00f6rger &#8211; Am 18.11.2016 fand der Bundesweite Vorlesetag statt &#8212;\u00a0 und wir haben auch mitgemacht. Zu dieser Aktion haben wir Vorleser eingeladen, die unseren Kindern sch\u00f6ne Geschichten vorgelesen haben.\u00a0 Es war eine tolle Aktion. Die Kinder (3-6 J\u00e4hrige), die Erzieherinnen und die Geschichtenerz\u00e4hler waren begeistert. W\u00e4hrend des Vorlesens war es ungewohnt still in der KiTa\u00a0 &#8212;\u00a0 die Kinder haben sehr aufmerksam zugeh\u00f6rt!<\/p>\n<p>Wir bedanken uns herzlich bei Hermann Plaggenborg, Christa M\u00fcller, Hermann Schmitz und Mechthild Westerhoff.<\/p>\n<p>Text\/Foto: Beatrix Schulte<\/p>\n","protected":false},"excerpt":{"rendered":"B\u00f6rger &#8211; Am 18.11.2016 fand der Bundesweite Vorlesetag statt &#8212;\u00a0 und wir haben auch mitgemacht. Zu dieser Aktion haben wir Vorleser eingeladen, die unseren Kindern sch\u00f6ne Geschichten vorgelesen haben.\u00a0 Es war eine tolle Aktion. Die Kinder (3-6 J\u00e4hrige), die Erzieherinnen und die Geschichtenerz\u00e4hler waren begeistert. W\u00e4hrend des Vorlesens war es ungewohnt still in der KiTa\u00a0 [&hellip;]\n","protected":false},"author":2,"featured_media":0,"comment_status":"closed","ping_status":"closed","sticky":false,"template":"","format":"standard","meta":{"ngg_post_thumbnail":0,"footnotes":""},"categories":[868],"tags":[],"class_list":["post-20548","post","type-post","status-publish","format-standard","hentry","category-zwischen-himmel-und-erde"],"_links":{"self":[{"href":"https:\/\/www.forum-soegel.de\/information\/wp-json\/wp\/v2\/posts\/20548","targetHints":{"allow":["GET"]}}],"collection":[{"href":"https:\/\/www.forum-soegel.de\/information\/wp-json\/wp\/v2\/posts"}],"about":[{"href":"https:\/\/www.forum-soegel.de\/information\/wp-json\/wp\/v2\/types\/post"}],"author":[{"embeddable":true,"href":"https:\/\/www.forum-soegel.de\/information\/wp-json\/wp\/v2\/users\/2"}],"replies":[{"embeddable":true,"href":"https:\/\/www.forum-soegel.de\/information\/wp-json\/wp\/v2\/comments?post=20548"}],"version-history":[{"count":1,"href":"https:\/\/www.forum-soegel.de\/information\/wp-json\/wp\/v2\/posts\/20548\/revisions"}],"predecessor-version":[{"id":20550,"href":"https:\/\/www.forum-soegel.de\/information\/wp-json\/wp\/v2\/posts\/20548\/revisions\/20550"}],"wp:attachment":[{"href":"https:\/\/www.forum-soegel.de\/information\/wp-json\/wp\/v2\/media?parent=20548"}],"wp:term":[{"taxonomy":"category","embeddable":true,"href":"https:\/\/www.forum-soegel.de\/information\/wp-json\/wp\/v2\/categories?post=20548"},{"taxonomy":"post_tag","embeddable":true,"href":"https:\/\/www.forum-soegel.de\/information\/wp-json\/wp\/v2\/tags?post=20548"}],"curies":[{"name":"wp","href":"https:\/\/api.w.org\/{rel}","templated":true}]}}