{"id":20467,"date":"2016-12-01T19:54:39","date_gmt":"2016-12-01T18:54:39","guid":{"rendered":"https:\/\/www.forum-soegel.de\/information\/?p=20467"},"modified":"2016-12-25T19:57:57","modified_gmt":"2016-12-25T18:57:57","slug":"advent-auf-schloss-clemenswerth-mit-uber-100-ausstellern","status":"publish","type":"post","link":"https:\/\/www.forum-soegel.de\/information\/2016\/12\/advent-auf-schloss-clemenswerth-mit-uber-100-ausstellern\/","title":{"rendered":"Advent auf Schloss Clemenswerth mit \u00fcber 100 Ausstellern"},"content":{"rendered":"<p><a href=\"https:\/\/www.forum-soegel.de\/information\/wp-content\/uploads\/2015\/09\/Schloss-Clemenswerth.jpg\"><img loading=\"lazy\" decoding=\"async\" class=\"alignleft size-full wp-image-17258\" title=\"Schloss Clemenswerth\" src=\"https:\/\/www.forum-soegel.de\/information\/wp-content\/uploads\/2015\/09\/Schloss-Clemenswerth.jpg\" alt=\"\" width=\"201\" height=\"130\" \/><\/a>S\u00f6gel &#8211; Noch wenige Tage bis zum \u201eAdvent auf Schloss Clemenswerth\u201c am 3. und 4. Dezember. Rings um den Schlossplatz und in der Parkplatzallee pr\u00e4sentieren sich in diesem Jahr \u00fcber 100 Aussteller mit ihren zum gr\u00f6\u00dften Teil handgefertigten Produkten. Dabei kommt auch das leibliche Wohl nicht zu kurz. Mit den edlen Pagodenzelten und den klassischen Holzh\u00fctten ist der Markt eine Mischung aus weihnachtlicher Landpartie und heimeliger Budenstadt, der am Samstag (3.12.) von 13 bis 22 Uhr und am Sonntag (4.12.) von 11 bis 19 Uhr zum Besuch einl\u00e4dt. Er\u00f6ffnet wird der Markt am Samstag (15 Uhr) durch u.a. Landrat Reinhard Winter.<\/p>\n<p><strong>Tipp: Marktbesuch am Samstagabend<\/strong><\/p>\n<p>Der Mix aus Angebotsvielfalt und Atmosph\u00e4re haben sich weit \u00fcber S\u00f6gels Grenzen und des Emslandes herumgesprochen. Seinen ganz eigenen Charme hat der Markt in der D\u00e4mmerung und den Abendstunden, wenn die Schlossanlage in einem Meer aus 1.000 Lichtern zum Bummeln und Verweilen einl\u00e4dt \u2013 und das ganz besonders am Samstag, wenn die Pforten bis 22 Uhr ge\u00f6ffnet sind. Seine musikalische Abrundung erh\u00e4lt der 1. Markttag durch die Kolpingkapelle S\u00f6gel e.V., die ab 17.30 Uhr mit weihnachtlicher Blasmusik unterh\u00e4lt. Mit im musikalischen Programm sind auch wieder zwei Stra\u00dfenorgeln, die mit ihren Kl\u00e4ngen an beiden Tagen f\u00fcr nostalgisches Flair sorgen. Zudem singt am Samstag (15 Uhr) der Kirchchor St. Vitus \/ Lathen und am Sonntag der Chor Stimmbrand \/ Bar\u00dfel.<\/p>\n<p><strong>Kinderangebote \u2013 auch schon am Samstag<\/strong><\/p>\n<p>Bereits ab Samstag dreht in diesem Jahr das beliebte handbetriebene Kinderkarussell seine Runde. Direkt gegen\u00fcber k\u00f6nnen Gro\u00df und Klein Simon Hevicke beim Schmieden \u00fcber die Schulter schauen und auch das eine oder andere Mal selbst Hand anlegen. Am Sonntag l\u00e4dt dann wieder das Kasperletheater \/ Osnabr\u00fcck zu je 20min\u00fctigen Vorstellungen (13 \/ 14 \/ 15 \/ 16 Uhr) ein. Und um 14.30 Uhr macht der Nikolaus mit seinem Knecht Ruprecht einen Marktrundgang.<\/p>\n<p>Der Eintritt zum Markt kostet 3 \u20ac \/ Erw. bzw. 1 \u20ac \/ erm\u00e4\u00dfigt. Die Eintrittskarte ist zugleich ein 1-\u20ac-Rabatt-Coupon f\u00fcr einen Museumsbesuch in 2017. Saisonkartenbesitzer haben freien Eintritt. Wie in den vergangenen Jahren gilt eine ge\u00e4nderte Verkehrsf\u00fchrung f\u00fcr den gesamten Ort. Aufgrund des zu erwartenden Besucheransturms ist S\u00f6gelern empfohlen den Markt per Fu\u00df zu besuchen.<\/p>\n<p><strong>Alle Infos finden sich auch unter www.clemenswerth.de<\/strong><\/p>\n<p>&nbsp;<\/p>\n<p><strong>Programm<\/strong><\/p>\n<p><strong>\u00a0<\/strong><\/p>\n<p><strong>Samstag, 3. Dezember (Markt 13 &#8211; 22 Uhr)<\/strong><\/p>\n<p>15 Uhr\u00a0\u00a0\u00a0\u00a0\u00a0\u00a0\u00a0\u00a0\u00a0\u00a0\u00a0\u00a0\u00a0\u00a0\u00a0\u00a0\u00a0\u00a0\u00a0\u00a0\u00a0\u00a0\u00a0\u00a0\u00a0 offizielle Begr\u00fc\u00dfung durch Landrat Reinhard Winter, Gitta Connemann,<br \/>\nIrmgard Welling und Oliver Fok; es singt der Kirchenchor St. Vitus \/ Lathen<\/p>\n<p>17.30 Uhr\u00a0\u00a0\u00a0\u00a0\u00a0\u00a0\u00a0\u00a0\u00a0\u00a0\u00a0\u00a0\u00a0\u00a0\u00a0\u00a0\u00a0\u00a0\u00a0\u00a0\u00a0\u00a0\u00a0\u00a0\u00a0\u00a0\u00a0\u00a0\u00a0\u00a0\u00a0\u00a0 Vorweihnachtliches Blaskonzert mit der Kolpingkapelle S\u00f6gel e.V.<\/p>\n<p>&nbsp;<\/p>\n<p><strong>Sonntag, 4. Dezember (Markt 11 &#8211; 19 Uhr)<\/strong><\/p>\n<p>13 \/ 14 \/ 15 \/ 16 Uhr\u00a0\u00a0\u00a0\u00a0\u00a0 Mobiles Kasperletheater \/ Osnabr\u00fcck<\/p>\n<p>14.30 Uhr\u00a0\u00a0\u00a0\u00a0\u00a0\u00a0\u00a0\u00a0\u00a0\u00a0\u00a0\u00a0\u00a0\u00a0\u00a0\u00a0\u00a0\u00a0\u00a0\u00a0\u00a0\u00a0\u00a0\u00a0\u00a0\u00a0\u00a0\u00a0\u00a0\u00a0\u00a0\u00a0 Besuch von Nikolaus und Knecht Ruprecht<\/p>\n<p>15.30 Uhr\u00a0\u00a0\u00a0\u00a0\u00a0\u00a0\u00a0\u00a0\u00a0\u00a0\u00a0\u00a0\u00a0\u00a0\u00a0\u00a0\u00a0\u00a0\u00a0\u00a0\u00a0\u00a0\u00a0\u00a0\u00a0\u00a0\u00a0\u00a0\u00a0\u00a0\u00a0\u00a0 es singt der Chor Stimmbrand \/ Bar\u00dfel<\/p>\n<p>&nbsp;<\/p>\n<p><strong>An beiden Tagen<\/strong><\/p>\n<p>Kinderkarussell, Stra\u00dfenorgelmusik,<\/p>\n<p>Schauschmieden und Kinderschmieden<\/p>\n<p><strong>\u00a0<\/strong><\/p>\n<p>Text: Ramona Krons \/ Foto: Eckhardt Albrecht<\/p>\n<p><a href=\"https:\/\/www.forum-soegel.de\/information\/wp-content\/uploads\/2016\/12\/Text-Adventsmarkt-2016.jpg\"><img loading=\"lazy\" decoding=\"async\" class=\"alignnone size-medium wp-image-20468\" title=\"Text Adventsmarkt 2016\" src=\"https:\/\/www.forum-soegel.de\/information\/wp-content\/uploads\/2016\/12\/Text-Adventsmarkt-2016-300x140.jpg\" alt=\"\" width=\"300\" height=\"140\" srcset=\"https:\/\/www.forum-soegel.de\/information\/wp-content\/uploads\/2016\/12\/Text-Adventsmarkt-2016-300x140.jpg 300w, https:\/\/www.forum-soegel.de\/information\/wp-content\/uploads\/2016\/12\/Text-Adventsmarkt-2016-1024x480.jpg 1024w\" sizes=\"auto, (max-width: 300px) 100vw, 300px\" \/><\/a><\/p>\n","protected":false},"excerpt":{"rendered":"S\u00f6gel &#8211; Noch wenige Tage bis zum \u201eAdvent auf Schloss Clemenswerth\u201c am 3. und 4. Dezember. Rings um den Schlossplatz und in der Parkplatzallee pr\u00e4sentieren sich in diesem Jahr \u00fcber 100 Aussteller mit ihren zum gr\u00f6\u00dften Teil handgefertigten Produkten. Dabei kommt auch das leibliche Wohl nicht zu kurz. Mit den edlen Pagodenzelten und den klassischen [&hellip;]\n","protected":false},"author":2,"featured_media":0,"comment_status":"closed","ping_status":"closed","sticky":false,"template":"","format":"standard","meta":{"ngg_post_thumbnail":0,"footnotes":""},"categories":[3],"tags":[],"class_list":["post-20467","post","type-post","status-publish","format-standard","hentry","category-aktuelles-aus-der-region"],"_links":{"self":[{"href":"https:\/\/www.forum-soegel.de\/information\/wp-json\/wp\/v2\/posts\/20467","targetHints":{"allow":["GET"]}}],"collection":[{"href":"https:\/\/www.forum-soegel.de\/information\/wp-json\/wp\/v2\/posts"}],"about":[{"href":"https:\/\/www.forum-soegel.de\/information\/wp-json\/wp\/v2\/types\/post"}],"author":[{"embeddable":true,"href":"https:\/\/www.forum-soegel.de\/information\/wp-json\/wp\/v2\/users\/2"}],"replies":[{"embeddable":true,"href":"https:\/\/www.forum-soegel.de\/information\/wp-json\/wp\/v2\/comments?post=20467"}],"version-history":[{"count":1,"href":"https:\/\/www.forum-soegel.de\/information\/wp-json\/wp\/v2\/posts\/20467\/revisions"}],"predecessor-version":[{"id":20469,"href":"https:\/\/www.forum-soegel.de\/information\/wp-json\/wp\/v2\/posts\/20467\/revisions\/20469"}],"wp:attachment":[{"href":"https:\/\/www.forum-soegel.de\/information\/wp-json\/wp\/v2\/media?parent=20467"}],"wp:term":[{"taxonomy":"category","embeddable":true,"href":"https:\/\/www.forum-soegel.de\/information\/wp-json\/wp\/v2\/categories?post=20467"},{"taxonomy":"post_tag","embeddable":true,"href":"https:\/\/www.forum-soegel.de\/information\/wp-json\/wp\/v2\/tags?post=20467"}],"curies":[{"name":"wp","href":"https:\/\/api.w.org\/{rel}","templated":true}]}}