{"id":20453,"date":"2016-12-25T19:44:56","date_gmt":"2016-12-25T18:44:56","guid":{"rendered":"https:\/\/www.forum-soegel.de\/information\/?p=20453"},"modified":"2016-12-25T19:44:56","modified_gmt":"2016-12-25T18:44:56","slug":"uber-900-menschen-mit-behinderung-haben-geantwortet","status":"publish","type":"post","link":"https:\/\/www.forum-soegel.de\/information\/2016\/12\/uber-900-menschen-mit-behinderung-haben-geantwortet\/","title":{"rendered":"\u00dcber 900 Menschen mit Behinderung haben geantwortet"},"content":{"rendered":"<p><strong>Projektteam InduS hat erneute Befragung zur Teilhabe im Sport durchgef\u00fchrt und ausgewertet<\/strong><strong><\/strong><\/p>\n<p>S\u00d6GEL. Nach 2013 ist wiederum eine Befragung von Menschen mit Behinderung vom Inklusionsprojekt des Kreissportbundbund Emsland (KSB) durchgef\u00fchrt worden. Mit Unterst\u00fctzung der InduS-Projektpartner, dem Christophorus Werk Lingen, dem St. Vitus-Werk Meppen und dem St. Lukas-Heim Papenburg konnten innerhalb kurzer Zeit 3.800 Frageb\u00f6gen emslandweit verteilt werden. \u00dcber 900 Menschen mit Behinderung und deren Eltern und Angeh\u00f6rige haben geantwortet und ihre W\u00fcnsche und Bedarfe zur Inklusion im Sportverein ge\u00e4u\u00dfert. Dank dieser breiten Unterst\u00fctzung kann die Teilhabe von Menschen mit Behinderung im emsl\u00e4ndischen Sport weiter entwickelt werden.<\/p>\n<p>Die Ergebnisse der Befragung sind vom Projektteam erfasst, ausgewertet und analysiert worden. Im Vergleich mit den Daten aus der Befragung 2013 lassen sich Projektentwicklungen ebenso ableiten wie neue Handlungs- und Aufgabenfelder\u00a0 ermitteln. Diese Erkenntnisse bilden die Grundlage f\u00fcr die vom Projektteam erarbeiteten n\u00e4chsten Schritte. Eine Aufgabe ist, interessierte Menschen mit Behinderung in bereits bestehende inklusive Sportangebote zu vermitteln. Ebenso werden weiter Sportvereine gesucht, die ein gemeinsames Miteinander erm\u00f6glichen.\u00a0 Sportvereine die noch nicht im Projekt vertreten sind, aber bei denen Menschen mit einer Behinderung bereits aktiv sind, sollen ebenfalls angesprochen werden.<\/p>\n<p>Sowohl f\u00fcr das gesamte Emsland als auch f\u00fcr die Regionen s\u00fcdliches Emsland, mittleres Emsland und n\u00f6rdliches Emsland liegen die Daten vor. Emslandweit haben \u00fcber 900 Menschen (24%) mit Behinderung geantwortet und ihre W\u00fcnsche im Bereich Sport deutlich formuliert. Nach der Befragung 2013 wiederum eine bemerkenswerte Resonanz. \u00dcber 92 % der Befragten \u00e4u\u00dferten den Wunsch, dass die Sportvereine sich dem Thema Inklusion \u00f6ffnen. Der Wert ist gegen\u00fcber 2013 sogar noch leicht angestiegen. Weiterhin hoch ist auch die Bereitschaft der Menschen mit Behinderung Sportangebote in den Vereinen sofort oder sp\u00e4ter zu nutzen (71,7%)<\/p>\n<p>Aus den Ergebnissen &#8211; ablesbar an der aktiven Teilnahme sowie dem \u00d6ffnungswunsch und der Bereitschaft Angebote zu nutzen &#8211; ergibt sich weiterhin ein eindeutiges Mandat zur Fortf\u00fchrung von Indus. Zur erfolgreichen Umsetzung eines gemeinsamen Miteinanders von Menschen mit und ohne Behinderung wird die Unterst\u00fctzung und das Engagement aller Beteiligten ben\u00f6tigt.<\/p>\n<p>Kreissportbund Emsland e.V.<\/p>\n<p>Schlaunallee 11 a<\/p>\n<p>9751 S\u00f6gel<\/p>\n<p>Tel.: 05952-940-106<\/p>\n<p>E-Mail:kontakt@indus-emsland.de<\/p>\n<div id=\"attachment_20454\" style=\"width: 310px\" class=\"wp-caption alignnone\"><a href=\"https:\/\/www.forum-soegel.de\/information\/wp-content\/uploads\/2016\/12\/NUR-INTERNETBedarfserhebung-InduS.jpg\"><img loading=\"lazy\" decoding=\"async\" aria-describedby=\"caption-attachment-20454\" class=\"size-medium wp-image-20454\" title=\"NUR INTERNETBedarfserhebung InduS\" src=\"https:\/\/www.forum-soegel.de\/information\/wp-content\/uploads\/2016\/12\/NUR-INTERNETBedarfserhebung-InduS-300x225.jpg\" alt=\"\" width=\"300\" height=\"225\" srcset=\"https:\/\/www.forum-soegel.de\/information\/wp-content\/uploads\/2016\/12\/NUR-INTERNETBedarfserhebung-InduS-300x225.jpg 300w, https:\/\/www.forum-soegel.de\/information\/wp-content\/uploads\/2016\/12\/NUR-INTERNETBedarfserhebung-InduS-1024x768.jpg 1024w\" sizes=\"auto, (max-width: 300px) 100vw, 300px\" \/><\/a><p id=\"caption-attachment-20454\" class=\"wp-caption-text\">Das InduS-Projektteam (v.l.: Hermann Plagge, Anna Sievers, Frank Eichholt, Veronika R\u00f6ttger) bei der gemeinsamen Auswertung der Bedarfserhebung.<\/p><\/div>\n","protected":false},"excerpt":{"rendered":"Projektteam InduS hat erneute Befragung zur Teilhabe im Sport durchgef\u00fchrt und ausgewertet S\u00d6GEL. Nach 2013 ist wiederum eine Befragung von Menschen mit Behinderung vom Inklusionsprojekt des Kreissportbundbund Emsland (KSB) durchgef\u00fchrt worden. Mit Unterst\u00fctzung der InduS-Projektpartner, dem Christophorus Werk Lingen, dem St. Vitus-Werk Meppen und dem St. Lukas-Heim Papenburg konnten innerhalb kurzer Zeit 3.800 Frageb\u00f6gen emslandweit [&hellip;]\n","protected":false},"author":2,"featured_media":0,"comment_status":"closed","ping_status":"closed","sticky":false,"template":"","format":"standard","meta":{"ngg_post_thumbnail":0,"footnotes":""},"categories":[3],"tags":[],"class_list":["post-20453","post","type-post","status-publish","format-standard","hentry","category-aktuelles-aus-der-region"],"_links":{"self":[{"href":"https:\/\/www.forum-soegel.de\/information\/wp-json\/wp\/v2\/posts\/20453","targetHints":{"allow":["GET"]}}],"collection":[{"href":"https:\/\/www.forum-soegel.de\/information\/wp-json\/wp\/v2\/posts"}],"about":[{"href":"https:\/\/www.forum-soegel.de\/information\/wp-json\/wp\/v2\/types\/post"}],"author":[{"embeddable":true,"href":"https:\/\/www.forum-soegel.de\/information\/wp-json\/wp\/v2\/users\/2"}],"replies":[{"embeddable":true,"href":"https:\/\/www.forum-soegel.de\/information\/wp-json\/wp\/v2\/comments?post=20453"}],"version-history":[{"count":1,"href":"https:\/\/www.forum-soegel.de\/information\/wp-json\/wp\/v2\/posts\/20453\/revisions"}],"predecessor-version":[{"id":20455,"href":"https:\/\/www.forum-soegel.de\/information\/wp-json\/wp\/v2\/posts\/20453\/revisions\/20455"}],"wp:attachment":[{"href":"https:\/\/www.forum-soegel.de\/information\/wp-json\/wp\/v2\/media?parent=20453"}],"wp:term":[{"taxonomy":"category","embeddable":true,"href":"https:\/\/www.forum-soegel.de\/information\/wp-json\/wp\/v2\/categories?post=20453"},{"taxonomy":"post_tag","embeddable":true,"href":"https:\/\/www.forum-soegel.de\/information\/wp-json\/wp\/v2\/tags?post=20453"}],"curies":[{"name":"wp","href":"https:\/\/api.w.org\/{rel}","templated":true}]}}