{"id":20441,"date":"2016-12-25T19:37:12","date_gmt":"2016-12-25T18:37:12","guid":{"rendered":"https:\/\/www.forum-soegel.de\/information\/?p=20441"},"modified":"2016-12-25T19:37:12","modified_gmt":"2016-12-25T18:37:12","slug":"neue-baume-fur-den-marktplatz-als-abschluss-der-ortskernsanierung","status":"publish","type":"post","link":"https:\/\/www.forum-soegel.de\/information\/2016\/12\/neue-baume-fur-den-marktplatz-als-abschluss-der-ortskernsanierung\/","title":{"rendered":"Neue B\u00e4ume f\u00fcr den Marktplatz als Abschluss der Ortskernsanierung"},"content":{"rendered":"<p style=\"text-align: left;\" align=\"center\"><strong>S\u00f6gel scheidet aus St\u00e4dtebauf\u00f6rderprogramm aus \u2013 Sieben Bauabschnitte realisiert<\/strong><\/p>\n<p>S\u00f6gel &#8211; Die Anpflanzung von neun weiteren B\u00e4umen und eine umfassende Beetgestaltung auf dem so genannten zweiten Marktplatz in S\u00f6gel bilden Abschluss der S\u00f6geler Ortskernsanierung. Bis Ende des Jahres m\u00fcssen alle Bauma\u00dfnahmen abgerechnet sein.<\/p>\n<p>Nach Auskunft von Marieke Toben, Dipl-Ing. f\u00fcr Freiraumplanung beim mit der Planung beauftragten Landschaftsarchitekturb\u00fcro Kolhoff aus Vechta, werden vor dem Wohn- und Gesch\u00e4ftshaus der OLB neun kegelf\u00f6rmige Birnb\u00e4ume gepflanzt. Diese schlie\u00dfen sich dem Bild der Ortsmitte an. Bereits entlang der Clemens-August-Stra\u00dfe und beim ersten Marktplatz wurde diese Baumart verwendet. Die Pyrus calleryana, so ihr botanischer Name, zeichnet sich durch eine ausgepr\u00e4gte violettrote Herbstf\u00e4rbung aus. Es handelt sich um einen schmal kegelf\u00f6rmigen Laubbaum, der besonders als Stra\u00dfengeh\u00f6lz geeignet ist, so Toben.<br \/>\nIm Zuge der Erschlie\u00dfungsarbeiten musste eine gro\u00dfe Kastanie gef\u00e4llt werden. Um einige Meter versetzt wurde jetzt eine bereits gro\u00dfgewachsene Kastanie neu gepflanzt und in der dortigen Baumreihe von Kastanien eingef\u00fcgt. Die Bodenbepflanzung erfolgt mittels bodendeckenden Stauden. Auch diese passen sich in der Auswahl den bisher gew\u00e4hlten Stauden in der Ortsmitte an. Unter den am Marktplatz befindlichen Linden wird Rollrasen ausgelegt, damit die Fl\u00e4che wieder einheitlich gestaltet ist. Mit den derzeit laufenden Anpflanzungen ist die inner\u00f6rtliche Ortskernsanierung im Rahmen des St\u00e4dtebauf\u00f6rderungprogrammes abgeschlossen.<\/p>\n<p>Text\/Foto: Gemeinde S\u00f6gel<\/p>\n<p><a href=\"https:\/\/www.forum-soegel.de\/information\/wp-content\/uploads\/2016\/12\/Neue-B\u00e4ume-f\u00fcr-den-Marktplatz.jpg\"><img loading=\"lazy\" decoding=\"async\" class=\"alignnone size-medium wp-image-20442\" title=\"Neue B\u00e4ume f\u00fcr den Marktplatz\" src=\"https:\/\/www.forum-soegel.de\/information\/wp-content\/uploads\/2016\/12\/Neue-B\u00e4ume-f\u00fcr-den-Marktplatz-300x225.jpg\" alt=\"\" width=\"300\" height=\"225\" srcset=\"https:\/\/www.forum-soegel.de\/information\/wp-content\/uploads\/2016\/12\/Neue-B\u00e4ume-f\u00fcr-den-Marktplatz-300x225.jpg 300w, https:\/\/www.forum-soegel.de\/information\/wp-content\/uploads\/2016\/12\/Neue-B\u00e4ume-f\u00fcr-den-Marktplatz.jpg 1024w\" sizes=\"auto, (max-width: 300px) 100vw, 300px\" \/><\/a><\/p>\n","protected":false},"excerpt":{"rendered":"S\u00f6gel scheidet aus St\u00e4dtebauf\u00f6rderprogramm aus \u2013 Sieben Bauabschnitte realisiert S\u00f6gel &#8211; Die Anpflanzung von neun weiteren B\u00e4umen und eine umfassende Beetgestaltung auf dem so genannten zweiten Marktplatz in S\u00f6gel bilden Abschluss der S\u00f6geler Ortskernsanierung. Bis Ende des Jahres m\u00fcssen alle Bauma\u00dfnahmen abgerechnet sein. Nach Auskunft von Marieke Toben, Dipl-Ing. f\u00fcr Freiraumplanung beim mit der Planung [&hellip;]\n","protected":false},"author":2,"featured_media":0,"comment_status":"closed","ping_status":"closed","sticky":false,"template":"","format":"standard","meta":{"ngg_post_thumbnail":0,"footnotes":""},"categories":[10],"tags":[],"class_list":["post-20441","post","type-post","status-publish","format-standard","hentry","category-rat-und-verwaltung-informieren"],"_links":{"self":[{"href":"https:\/\/www.forum-soegel.de\/information\/wp-json\/wp\/v2\/posts\/20441","targetHints":{"allow":["GET"]}}],"collection":[{"href":"https:\/\/www.forum-soegel.de\/information\/wp-json\/wp\/v2\/posts"}],"about":[{"href":"https:\/\/www.forum-soegel.de\/information\/wp-json\/wp\/v2\/types\/post"}],"author":[{"embeddable":true,"href":"https:\/\/www.forum-soegel.de\/information\/wp-json\/wp\/v2\/users\/2"}],"replies":[{"embeddable":true,"href":"https:\/\/www.forum-soegel.de\/information\/wp-json\/wp\/v2\/comments?post=20441"}],"version-history":[{"count":1,"href":"https:\/\/www.forum-soegel.de\/information\/wp-json\/wp\/v2\/posts\/20441\/revisions"}],"predecessor-version":[{"id":20443,"href":"https:\/\/www.forum-soegel.de\/information\/wp-json\/wp\/v2\/posts\/20441\/revisions\/20443"}],"wp:attachment":[{"href":"https:\/\/www.forum-soegel.de\/information\/wp-json\/wp\/v2\/media?parent=20441"}],"wp:term":[{"taxonomy":"category","embeddable":true,"href":"https:\/\/www.forum-soegel.de\/information\/wp-json\/wp\/v2\/categories?post=20441"},{"taxonomy":"post_tag","embeddable":true,"href":"https:\/\/www.forum-soegel.de\/information\/wp-json\/wp\/v2\/tags?post=20441"}],"curies":[{"name":"wp","href":"https:\/\/api.w.org\/{rel}","templated":true}]}}