{"id":20419,"date":"2016-12-25T19:27:26","date_gmt":"2016-12-25T18:27:26","guid":{"rendered":"https:\/\/www.forum-soegel.de\/information\/?p=20419"},"modified":"2016-12-25T19:27:26","modified_gmt":"2016-12-25T18:27:26","slug":"klassentreffen-nach-25-jahren-in-sogel","status":"publish","type":"post","link":"https:\/\/www.forum-soegel.de\/information\/2016\/12\/klassentreffen-nach-25-jahren-in-sogel\/","title":{"rendered":"Klassentreffen nach 25 Jahren in S\u00f6gel"},"content":{"rendered":"<p>S\u00f6gel &#8211; Ein Wiedersehen nach 25 Jahren feierten rund 40 ehemaligen Sch\u00fclerInnen des Entlassjahrgangs 1991 der Realschule S\u00f6gel.\u00a0 Per WhatsApp waren die \u00a0Adressen der damals 54 entlassenen Sch\u00fclerInnen erfragt und weitergegeben worden, \u00a0was f\u00fcr Marion T\u00f6bben und Katja Schmidt f\u00fcr die Organisation des Klassentreffens \u00a0von gro\u00dfem Vorteil war. \u00a0\u00a0Die ehemalige Sch\u00fclergruppe \u00a0traf sich zun\u00e4chst\u00a0 im alten Realschulgeb\u00e4ude, \u00a0wo sich Neugier, Spannung und Wiedersehensfreude breit machten. Zur Freude aller war auch der \u00a0damalige Klassenlehrer Heiner Wellenbrock\u00a0 mit von der Partie. \u00a0Einige waren von weit her angereist &#8211; \u00a0\u00a0aus Z\u00fcrich oder Berlin &#8211; \u00a0um dieses besondere \u00a0Ereignis mitzuerleben. Nach einer herzlichen Begr\u00fc\u00dfung durch Marion T\u00f6bben wurden die Ehemaligen durch das Geb\u00e4ude \u00a0gef\u00fchrt, wo \u00a0sie \u00a0ihre einstigen Klassenr\u00e4ume sofort \u00a0wieder ausfindig machen konnten. \u00a0\u201eHier hat sich ja nicht viel ver\u00e4ndert\u201c, h\u00f6rte man einige sagen. Kreidetafeln fanden sie allerdings nicht mehr, denn diese werden inzwischen durch moderne Aktivboards ersetzt.\u00a0 In den \u00a0Klassenr\u00e4umen tauschten die ehemaligen Sch\u00fclerInnen Anekdoten und \u00a0Erinnerungen aus und \u00a0am\u00fcsierten \u00a0sich dar\u00fcber, dass die alten Sitzordnungen, exakt wie vor 25 Jahren, wieder eingenommen werden konnten. Dieser lustige und \u00a0bewegende Moment wurde selbstverst\u00e4ndlich mit dem Handy festgehalten. \u00a0Die Ehemaligen erfuhren bei der F\u00fchrung durch das Geb\u00e4ude, dass \u00a0die Schulform Realschule seit 2009 nicht mehr existiert und zun\u00e4chst in eine Haupt- und Realschule und im Jahr 2012 zu einer Oberschule umstrukturiert wurde. Das alte Realschulgeb\u00e4ude dient nun als \u00a0Nebenstelle der Oberschule, wo die \u00e4lteren Jahrg\u00e4nge untergebracht sind. Das Hauptgeb\u00e4ude der Oberschule ist die \u00a0ehemalige Orientierungsstufe mit ihren\u00a0 neuen und modernen R\u00e4umlichkeiten, zu denen\u00a0 die Sch\u00fclerInnen \u00f6fters zum Unterricht\u00a0 hin\u00fcber wandern m\u00fcssten.<\/p>\n<p>Nach dem Besuch des ehemaligen Schulgeb\u00e4udes machte sich die Gruppe auf den Weg zum S\u00f6geler Amtsbrunnen, um dort gemeinsam zu essen. \u00a0Bis weit nach Mitternacht sa\u00dfen sie dort\u00a0 noch gem\u00fctlich in froher Runde und toller Atmosph\u00e4re zusammen, um die vielen \u00a0Erlebnisse aus ihrer Schulzeit \u00a0an der Realschule S\u00f6gel\u00a0 in Erinnerung zu rufen. \u00a0Schlie\u00dflich hatten sich etliche der inzwischen 40-j\u00e4hrigen seit 25 Jahren nicht mehr gesehen. Alte, l\u00e4ngst vergessene Fotos aus der Schulzeit tauchten pl\u00f6tzlich wieder auf. Manche zeigten auch stolz Fotos ihrer inzwischen\u00a0 l\u00e4ngst erwachsenen Kinder. Adressen wurden ausgetauscht und man war sich einig, dass dies nicht das letzte Klassentreffen sein sollte. Einige erwarben noch schnell die frisch gedruckte Dokumentation der Hedwig-, Mittel- und Realschule S\u00f6gel und erkannten sich schnell auf dem dort abgebildeten Klassenfoto wieder. Zudem \u00fcberraschte die ehemalige Sch\u00fclergruppe des Jahrgangs 1991 die Schule\u00a0 ein paar Tage sp\u00e4ter noch mit der \u00dcbernahme einer Patenschaft f\u00fcr ein Feld vom geplanten Soccerplatz in H\u00f6he von 120,00 \u20ac\u00a0 f\u00fcr die Oberschule S\u00f6gel, wof\u00fcr Schulleiterin Maria Lau sich herzlich bedankte.<\/p>\n<p>Text\/Foto: Gisela Arling<\/p>\n<p><a href=\"https:\/\/www.forum-soegel.de\/information\/wp-content\/uploads\/2016\/12\/Klassentreffen-nach-25-Jahren-in-S\u00f6gel.jpg\"><img loading=\"lazy\" decoding=\"async\" class=\"alignnone size-medium wp-image-20420\" title=\"Klassentreffen nach 25 Jahren in S\u00f6gel\" src=\"https:\/\/www.forum-soegel.de\/information\/wp-content\/uploads\/2016\/12\/Klassentreffen-nach-25-Jahren-in-S\u00f6gel-300x225.jpg\" alt=\"\" width=\"300\" height=\"225\" srcset=\"https:\/\/www.forum-soegel.de\/information\/wp-content\/uploads\/2016\/12\/Klassentreffen-nach-25-Jahren-in-S\u00f6gel-300x225.jpg 300w, https:\/\/www.forum-soegel.de\/information\/wp-content\/uploads\/2016\/12\/Klassentreffen-nach-25-Jahren-in-S\u00f6gel.jpg 1024w\" sizes=\"auto, (max-width: 300px) 100vw, 300px\" \/><\/a><\/p>\n","protected":false},"excerpt":{"rendered":"S\u00f6gel &#8211; Ein Wiedersehen nach 25 Jahren feierten rund 40 ehemaligen Sch\u00fclerInnen des Entlassjahrgangs 1991 der Realschule S\u00f6gel.\u00a0 Per WhatsApp waren die \u00a0Adressen der damals 54 entlassenen Sch\u00fclerInnen erfragt und weitergegeben worden, \u00a0was f\u00fcr Marion T\u00f6bben und Katja Schmidt f\u00fcr die Organisation des Klassentreffens \u00a0von gro\u00dfem Vorteil war. \u00a0\u00a0Die ehemalige Sch\u00fclergruppe \u00a0traf sich zun\u00e4chst\u00a0 im [&hellip;]\n","protected":false},"author":2,"featured_media":0,"comment_status":"closed","ping_status":"closed","sticky":false,"template":"","format":"standard","meta":{"ngg_post_thumbnail":0,"footnotes":""},"categories":[6],"tags":[],"class_list":["post-20419","post","type-post","status-publish","format-standard","hentry","category-aus-der-schule-geplaudert"],"_links":{"self":[{"href":"https:\/\/www.forum-soegel.de\/information\/wp-json\/wp\/v2\/posts\/20419","targetHints":{"allow":["GET"]}}],"collection":[{"href":"https:\/\/www.forum-soegel.de\/information\/wp-json\/wp\/v2\/posts"}],"about":[{"href":"https:\/\/www.forum-soegel.de\/information\/wp-json\/wp\/v2\/types\/post"}],"author":[{"embeddable":true,"href":"https:\/\/www.forum-soegel.de\/information\/wp-json\/wp\/v2\/users\/2"}],"replies":[{"embeddable":true,"href":"https:\/\/www.forum-soegel.de\/information\/wp-json\/wp\/v2\/comments?post=20419"}],"version-history":[{"count":1,"href":"https:\/\/www.forum-soegel.de\/information\/wp-json\/wp\/v2\/posts\/20419\/revisions"}],"predecessor-version":[{"id":20421,"href":"https:\/\/www.forum-soegel.de\/information\/wp-json\/wp\/v2\/posts\/20419\/revisions\/20421"}],"wp:attachment":[{"href":"https:\/\/www.forum-soegel.de\/information\/wp-json\/wp\/v2\/media?parent=20419"}],"wp:term":[{"taxonomy":"category","embeddable":true,"href":"https:\/\/www.forum-soegel.de\/information\/wp-json\/wp\/v2\/categories?post=20419"},{"taxonomy":"post_tag","embeddable":true,"href":"https:\/\/www.forum-soegel.de\/information\/wp-json\/wp\/v2\/tags?post=20419"}],"curies":[{"name":"wp","href":"https:\/\/api.w.org\/{rel}","templated":true}]}}