{"id":20393,"date":"2016-12-25T19:15:54","date_gmt":"2016-12-25T18:15:54","guid":{"rendered":"https:\/\/www.forum-soegel.de\/information\/?p=20393"},"modified":"2016-12-25T19:15:54","modified_gmt":"2016-12-25T18:15:54","slug":"ehemalige-abgeordnete-besuchen-forum-sogel","status":"publish","type":"post","link":"https:\/\/www.forum-soegel.de\/information\/2016\/12\/ehemalige-abgeordnete-besuchen-forum-sogel\/","title":{"rendered":"Ehemalige Abgeordnete besuchen FORUM S\u00f6gel"},"content":{"rendered":"<p>S\u00f6gel &#8211; 15 ehemalige emsl\u00e4ndische Kreistagsmitglieder der CDU \u2013 Fraktion besuchten k\u00fcrzlich die Geschichts- und Zukunftswerkstatt. Heiner Wellenbrock, Ehrenb\u00fcrgermeister von S\u00f6gel und fr\u00fcher selbst Kreistagsabgeordneter, hatte eingeladen. Nach einem kurzen Einf\u00fchrungsvortrag des Vorsitzenden Bernd Eggert besichtigten die Besucher die Werkstattr\u00e4ume und gingen dabei auf eine Zeitreise \u00fcber 150 Jahre Emslandgeschichte.<\/p>\n<p>\u201eDas haben wir gar nicht gewusst, dass es hier so etwas gibt!\u201c Dieser Hinweis gibt Anlass, weiterhin und noch intensiver als bisher\u00a0 f\u00fcr einen Werkstattbesuch zu werben. Mit einem herzlichen Dank f\u00fcr die Unterst\u00fctzung der Bildungsarbeit des FORUMs seitens des Landkreises verabschiedete der Vorsitzende \u00a0die Gruppe.<\/p>\n<p>&nbsp;<\/p>\n<p>Text\/Foto: Bernd Eggert<\/p>\n<p><a href=\"https:\/\/www.forum-soegel.de\/information\/wp-content\/uploads\/2016\/12\/Ehemalige-Abgeordnete-besuchen-FORUM-S\u00f6gel1.jpg\"><img loading=\"lazy\" decoding=\"async\" class=\"alignnone size-thumbnail wp-image-20394\" title=\"Ehemalige Abgeordnete besuchen FORUM S\u00f6gel1\" src=\"https:\/\/www.forum-soegel.de\/information\/wp-content\/uploads\/2016\/12\/Ehemalige-Abgeordnete-besuchen-FORUM-S\u00f6gel1-150x150.jpg\" alt=\"\" width=\"150\" height=\"150\" \/><\/a>\u00a0\u00a0<a href=\"https:\/\/www.forum-soegel.de\/information\/wp-content\/uploads\/2016\/12\/Ehemalige-Abgeordnete-besuchen-FORUM-S\u00f6gel2.jpg\"><img loading=\"lazy\" decoding=\"async\" class=\"alignnone size-thumbnail wp-image-20395\" title=\"Ehemalige Abgeordnete besuchen FORUM S\u00f6gel2\" src=\"https:\/\/www.forum-soegel.de\/information\/wp-content\/uploads\/2016\/12\/Ehemalige-Abgeordnete-besuchen-FORUM-S\u00f6gel2-150x150.jpg\" alt=\"\" width=\"150\" height=\"150\" \/><\/a><\/p>\n<p>&nbsp;<\/p>\n<p>&nbsp;<\/p>\n<p>&nbsp;<\/p>\n","protected":false},"excerpt":{"rendered":"S\u00f6gel &#8211; 15 ehemalige emsl\u00e4ndische Kreistagsmitglieder der CDU \u2013 Fraktion besuchten k\u00fcrzlich die Geschichts- und Zukunftswerkstatt. Heiner Wellenbrock, Ehrenb\u00fcrgermeister von S\u00f6gel und fr\u00fcher selbst Kreistagsabgeordneter, hatte eingeladen. Nach einem kurzen Einf\u00fchrungsvortrag des Vorsitzenden Bernd Eggert besichtigten die Besucher die Werkstattr\u00e4ume und gingen dabei auf eine Zeitreise \u00fcber 150 Jahre Emslandgeschichte. \u201eDas haben wir gar nicht [&hellip;]\n","protected":false},"author":2,"featured_media":0,"comment_status":"closed","ping_status":"closed","sticky":false,"template":"","format":"standard","meta":{"ngg_post_thumbnail":0,"footnotes":""},"categories":[5],"tags":[],"class_list":["post-20393","post","type-post","status-publish","format-standard","hentry","category-was-machen-die-vereine"],"_links":{"self":[{"href":"https:\/\/www.forum-soegel.de\/information\/wp-json\/wp\/v2\/posts\/20393","targetHints":{"allow":["GET"]}}],"collection":[{"href":"https:\/\/www.forum-soegel.de\/information\/wp-json\/wp\/v2\/posts"}],"about":[{"href":"https:\/\/www.forum-soegel.de\/information\/wp-json\/wp\/v2\/types\/post"}],"author":[{"embeddable":true,"href":"https:\/\/www.forum-soegel.de\/information\/wp-json\/wp\/v2\/users\/2"}],"replies":[{"embeddable":true,"href":"https:\/\/www.forum-soegel.de\/information\/wp-json\/wp\/v2\/comments?post=20393"}],"version-history":[{"count":1,"href":"https:\/\/www.forum-soegel.de\/information\/wp-json\/wp\/v2\/posts\/20393\/revisions"}],"predecessor-version":[{"id":20396,"href":"https:\/\/www.forum-soegel.de\/information\/wp-json\/wp\/v2\/posts\/20393\/revisions\/20396"}],"wp:attachment":[{"href":"https:\/\/www.forum-soegel.de\/information\/wp-json\/wp\/v2\/media?parent=20393"}],"wp:term":[{"taxonomy":"category","embeddable":true,"href":"https:\/\/www.forum-soegel.de\/information\/wp-json\/wp\/v2\/categories?post=20393"},{"taxonomy":"post_tag","embeddable":true,"href":"https:\/\/www.forum-soegel.de\/information\/wp-json\/wp\/v2\/tags?post=20393"}],"curies":[{"name":"wp","href":"https:\/\/api.w.org\/{rel}","templated":true}]}}