{"id":20385,"date":"2016-12-25T19:11:52","date_gmt":"2016-12-25T18:11:52","guid":{"rendered":"https:\/\/www.forum-soegel.de\/information\/?p=20385"},"modified":"2016-12-25T19:12:45","modified_gmt":"2016-12-25T18:12:45","slug":"aed-gerat-an-die-gemeinde-klein-bersen-ubergeben","status":"publish","type":"post","link":"https:\/\/www.forum-soegel.de\/information\/2016\/12\/aed-gerat-an-die-gemeinde-klein-bersen-ubergeben\/","title":{"rendered":"AED Ger\u00e4t an die Gemeinde Klein Ber\u00dfen \u00fcbergeben"},"content":{"rendered":"<p align=\"left\">Ber\u00dfen &#8211; Der Gemeinde Klein Ber\u00dfen wurden vom Heimatverein Ber\u00dfen und dem DLRG St\u00fctzpunkt Ber\u00dfen ein AED Ger\u00e4t gespendet.<br \/>\nDie \u00dcbergabe erfolgte am 28. September von Detlef D\u00fchnen, dem St\u00fctzpunktleiter der DLRG Ortgruppe Ber\u00dfen und Marianne Schmalfeldt,\u00a0 der 1. Vorsitzenden des Heimatvereins Ber\u00dfen\u00a0 an den B\u00fcrgermeister Theo Kr\u00f6ger.<\/p>\n<p align=\"left\">Beide Vereine haben die kompletten \u00dcbersch\u00fcsse aus dem \u201eTag der offenen T\u00fcr\u201c, den beide gemeinsam am 26.06.16 gefeiert haben, gespendet. Da diese Summe aber nicht ausreichte um das Ger\u00e4t zu kaufen wurden sie von einigen ortsans\u00e4ssigen Firmen aus Gro\u00df- und Klein Ber\u00dfen unterst\u00fctzt.<br \/>\nDaf\u00fcr nochmals herzlichen Dank an die Sponsoren.<\/p>\n<p align=\"left\">Damit das Ger\u00e4t, f\u00fcr jedermann zug\u00e4nglich und schnell zu erreichen ist, wurde es au\u00dfen im Eingangsbereich der Sporthalle angebracht. Es ist somit ziemlich zentral in der Gemeinde Klein Ber\u00dfen.<\/p>\n<p align=\"left\">Wir hoffen dass das Ger\u00e4t nie gebraucht wird, aber wenn es gebraucht wird kann es vielleicht Leben retten.<\/p>\n<p align=\"left\">Theo Kr\u00f6ger bedankte sich im Namen der Gemeinde bei beiden Vereinen f\u00fcr die gro\u00dfz\u00fcgige Spende.<\/p>\n<p align=\"left\">Text\/Foto: Heimatverein Ber\u00dfen \/ DLRG<\/p>\n<div class=\"mceTemp\">\n<dl id=\"attachment_20386\" class=\"wp-caption alignnone\" style=\"width: 310px;\">\n<dt class=\"wp-caption-dt\"><a href=\"https:\/\/www.forum-soegel.de\/information\/wp-content\/uploads\/2016\/12\/AED-Ger\u00e4t-an-die-Gemeinde-Klein-Ber\u00dfen-\u00fcbergeben.jpg\"><img loading=\"lazy\" decoding=\"async\" class=\"size-medium wp-image-20386\" title=\"AED Ger\u00e4t an die Gemeinde Klein Ber\u00dfen \u00fcbergeben\" src=\"https:\/\/www.forum-soegel.de\/information\/wp-content\/uploads\/2016\/12\/AED-Ger\u00e4t-an-die-Gemeinde-Klein-Ber\u00dfen-\u00fcbergeben-300x241.jpg\" alt=\"\" width=\"300\" height=\"241\" srcset=\"https:\/\/www.forum-soegel.de\/information\/wp-content\/uploads\/2016\/12\/AED-Ger\u00e4t-an-die-Gemeinde-Klein-Ber\u00dfen-\u00fcbergeben-300x241.jpg 300w, https:\/\/www.forum-soegel.de\/information\/wp-content\/uploads\/2016\/12\/AED-Ger\u00e4t-an-die-Gemeinde-Klein-Ber\u00dfen-\u00fcbergeben.jpg 956w\" sizes=\"auto, (max-width: 300px) 100vw, 300px\" \/><\/a><span style=\"font-size: 11px;\">Detlef D\u00fchnen, B\u00fcrgermeister Theo Kr\u00f6ger, Marianne Schmalfeldt \u2002\u2002<\/span><\/dt>\n<\/dl>\n<\/div>\n","protected":false},"excerpt":{"rendered":"Ber\u00dfen &#8211; Der Gemeinde Klein Ber\u00dfen wurden vom Heimatverein Ber\u00dfen und dem DLRG St\u00fctzpunkt Ber\u00dfen ein AED Ger\u00e4t gespendet. Die \u00dcbergabe erfolgte am 28. September von Detlef D\u00fchnen, dem St\u00fctzpunktleiter der DLRG Ortgruppe Ber\u00dfen und Marianne Schmalfeldt,\u00a0 der 1. Vorsitzenden des Heimatvereins Ber\u00dfen\u00a0 an den B\u00fcrgermeister Theo Kr\u00f6ger. Beide Vereine haben die kompletten \u00dcbersch\u00fcsse aus [&hellip;]\n","protected":false},"author":2,"featured_media":0,"comment_status":"closed","ping_status":"closed","sticky":false,"template":"","format":"standard","meta":{"ngg_post_thumbnail":0,"footnotes":""},"categories":[5],"tags":[],"class_list":["post-20385","post","type-post","status-publish","format-standard","hentry","category-was-machen-die-vereine"],"_links":{"self":[{"href":"https:\/\/www.forum-soegel.de\/information\/wp-json\/wp\/v2\/posts\/20385","targetHints":{"allow":["GET"]}}],"collection":[{"href":"https:\/\/www.forum-soegel.de\/information\/wp-json\/wp\/v2\/posts"}],"about":[{"href":"https:\/\/www.forum-soegel.de\/information\/wp-json\/wp\/v2\/types\/post"}],"author":[{"embeddable":true,"href":"https:\/\/www.forum-soegel.de\/information\/wp-json\/wp\/v2\/users\/2"}],"replies":[{"embeddable":true,"href":"https:\/\/www.forum-soegel.de\/information\/wp-json\/wp\/v2\/comments?post=20385"}],"version-history":[{"count":3,"href":"https:\/\/www.forum-soegel.de\/information\/wp-json\/wp\/v2\/posts\/20385\/revisions"}],"predecessor-version":[{"id":20389,"href":"https:\/\/www.forum-soegel.de\/information\/wp-json\/wp\/v2\/posts\/20385\/revisions\/20389"}],"wp:attachment":[{"href":"https:\/\/www.forum-soegel.de\/information\/wp-json\/wp\/v2\/media?parent=20385"}],"wp:term":[{"taxonomy":"category","embeddable":true,"href":"https:\/\/www.forum-soegel.de\/information\/wp-json\/wp\/v2\/categories?post=20385"},{"taxonomy":"post_tag","embeddable":true,"href":"https:\/\/www.forum-soegel.de\/information\/wp-json\/wp\/v2\/tags?post=20385"}],"curies":[{"name":"wp","href":"https:\/\/api.w.org\/{rel}","templated":true}]}}