{"id":20382,"date":"2016-12-25T19:10:20","date_gmt":"2016-12-25T18:10:20","guid":{"rendered":"https:\/\/www.forum-soegel.de\/information\/?p=20382"},"modified":"2016-12-25T19:10:20","modified_gmt":"2016-12-25T18:10:20","slug":"vierte-ausbildungsborse-%e2%80%9echance-azubi%e2%80%9c-in-sogel","status":"publish","type":"post","link":"https:\/\/www.forum-soegel.de\/information\/2016\/12\/vierte-ausbildungsborse-%e2%80%9echance-azubi%e2%80%9c-in-sogel\/","title":{"rendered":"Vierte Ausbildungsb\u00f6rse \u201eChance: Azubi\u201c in S\u00f6gel"},"content":{"rendered":"<p>S\u00f6gel &#8211; Zum vierten Mal hat sich der Verein \u201eChance: Azubi\u201c mit einem Info-Abend in der Samtgemeinde S\u00f6gel pr\u00e4sentiert. Von 17 bis 19 Uhr haben sich verschiedene Mitgliedsbetriebe in der Schule am Schloss in S\u00f6gel den Fragen zuk\u00fcnftiger Auszubildender gestellt.<\/p>\n<p>Die Samtgemeinde S\u00f6gel, der Wirtschaftsverband S\u00f6gel, die \u00f6rtlichen Schulen sowie der Verein Chance: Azubi zogen ein positives Res\u00fcmee: \u201eDie anwesenden Sch\u00fcler und deren Eltern\u00a0 zeigten gro\u00dfes Interesse an den Angeboten der beteiligten Ausbildungsbetriebe. Der Andrang war gro\u00df! Die Ausbildungsmesse Chance: Azubi hat sich in S\u00f6gel etabliert\u201c, so Schulleiterin Maria Lau von der Schule am Schloss.<\/p>\n<p>Neben den gro\u00dfen Ausbildungsbetrieben der Region waren vor allem auch die regionalen mittelst\u00e4ndischen Ausbildungsbetriebe angesprochen worden, sich auf dieser Messe als Ausbilder zu pr\u00e4sentieren. Davon hatten zahlreiche Betriebe aus S\u00f6gel und Umgebung Gebrauch gemacht. Viele Betriebe hatten ihre Auszubildenden gleich mitgebracht. So wurden lockere Gespr\u00e4che zwischen den an einer Ausbildung interessierten Sch\u00fclern und den Auszubildenden gef\u00fchrt, in denen man sich \u201eauf Augenh\u00f6he\u201c \u00fcber m\u00f6gliche T\u00e4tigkeitsfelder im Betrieb austauschen konnte.<\/p>\n<p>Das \u201eschlanke&#8220; und erfolgreiche Konzept hat neben gro\u00dfen Ausbildungsbetrieben der Region auch vor allem kleine und mittelst\u00e4ndische Ausbildungsbetriebe diverser Branchen \u00fcberzeugt, die sich ebenfalls hervorragend den Besuchern pr\u00e4sentieren k\u00f6nnen. \u201eAn den St\u00e4nden stehen Ausbilder und Auszubildende zu Gespr\u00e4chen auf Augenh\u00f6he bereit, die dem interessierten Besucher ein viel authentischeres Bild bieten k\u00f6nnen als jede Hochglanzbrosch\u00fcre\u201c, so Koordinator Werner Kremer.<\/p>\n<p>Text: Ingrid Cloppenburg \/ Foto: Samtgemeinde S\u00f6gel<\/p>\n<div id=\"attachment_20383\" style=\"width: 310px\" class=\"wp-caption alignnone\"><a href=\"https:\/\/www.forum-soegel.de\/information\/wp-content\/uploads\/2016\/12\/Vierte-Ausbildungsb\u00f6rse-Chance-Azubi-in-S\u00f6gel.jpg\"><img loading=\"lazy\" decoding=\"async\" aria-describedby=\"caption-attachment-20383\" class=\"size-medium wp-image-20383\" title=\"Vierte Ausbildungsb\u00f6rse Chance Azubi in S\u00f6gel\" src=\"https:\/\/www.forum-soegel.de\/information\/wp-content\/uploads\/2016\/12\/Vierte-Ausbildungsb\u00f6rse-Chance-Azubi-in-S\u00f6gel-300x229.jpg\" alt=\"\" width=\"300\" height=\"229\" srcset=\"https:\/\/www.forum-soegel.de\/information\/wp-content\/uploads\/2016\/12\/Vierte-Ausbildungsb\u00f6rse-Chance-Azubi-in-S\u00f6gel-300x229.jpg 300w, https:\/\/www.forum-soegel.de\/information\/wp-content\/uploads\/2016\/12\/Vierte-Ausbildungsb\u00f6rse-Chance-Azubi-in-S\u00f6gel.jpg 1002w\" sizes=\"auto, (max-width: 300px) 100vw, 300px\" \/><\/a><p id=\"caption-attachment-20383\" class=\"wp-caption-text\">Auch das Steuerb\u00fcro Rolfes \u2022 Gerdes \u2022 Jansen \u2022 Pethan pr\u00e4sentierte sich mit sein Ausbildungsberuf auf der Chance: Azubi in S\u00f6gel.<\/p><\/div>\n<p>&nbsp;<\/p>\n","protected":false},"excerpt":{"rendered":"S\u00f6gel &#8211; Zum vierten Mal hat sich der Verein \u201eChance: Azubi\u201c mit einem Info-Abend in der Samtgemeinde S\u00f6gel pr\u00e4sentiert. Von 17 bis 19 Uhr haben sich verschiedene Mitgliedsbetriebe in der Schule am Schloss in S\u00f6gel den Fragen zuk\u00fcnftiger Auszubildender gestellt. Die Samtgemeinde S\u00f6gel, der Wirtschaftsverband S\u00f6gel, die \u00f6rtlichen Schulen sowie der Verein Chance: Azubi zogen [&hellip;]\n","protected":false},"author":2,"featured_media":0,"comment_status":"closed","ping_status":"closed","sticky":false,"template":"","format":"standard","meta":{"ngg_post_thumbnail":0,"footnotes":""},"categories":[4],"tags":[],"class_list":["post-20382","post","type-post","status-publish","format-standard","hentry","category-aus-der-geschaftswelt"],"_links":{"self":[{"href":"https:\/\/www.forum-soegel.de\/information\/wp-json\/wp\/v2\/posts\/20382","targetHints":{"allow":["GET"]}}],"collection":[{"href":"https:\/\/www.forum-soegel.de\/information\/wp-json\/wp\/v2\/posts"}],"about":[{"href":"https:\/\/www.forum-soegel.de\/information\/wp-json\/wp\/v2\/types\/post"}],"author":[{"embeddable":true,"href":"https:\/\/www.forum-soegel.de\/information\/wp-json\/wp\/v2\/users\/2"}],"replies":[{"embeddable":true,"href":"https:\/\/www.forum-soegel.de\/information\/wp-json\/wp\/v2\/comments?post=20382"}],"version-history":[{"count":1,"href":"https:\/\/www.forum-soegel.de\/information\/wp-json\/wp\/v2\/posts\/20382\/revisions"}],"predecessor-version":[{"id":20384,"href":"https:\/\/www.forum-soegel.de\/information\/wp-json\/wp\/v2\/posts\/20382\/revisions\/20384"}],"wp:attachment":[{"href":"https:\/\/www.forum-soegel.de\/information\/wp-json\/wp\/v2\/media?parent=20382"}],"wp:term":[{"taxonomy":"category","embeddable":true,"href":"https:\/\/www.forum-soegel.de\/information\/wp-json\/wp\/v2\/categories?post=20382"},{"taxonomy":"post_tag","embeddable":true,"href":"https:\/\/www.forum-soegel.de\/information\/wp-json\/wp\/v2\/tags?post=20382"}],"curies":[{"name":"wp","href":"https:\/\/api.w.org\/{rel}","templated":true}]}}