{"id":20379,"date":"2016-12-25T19:08:33","date_gmt":"2016-12-25T18:08:33","guid":{"rendered":"https:\/\/www.forum-soegel.de\/information\/?p=20379"},"modified":"2016-12-25T19:08:33","modified_gmt":"2016-12-25T18:08:33","slug":"neueroffnung-%e2%80%9egasthaus-am-kreisel%e2%80%9c-in-spahnharrenstatte","status":"publish","type":"post","link":"https:\/\/www.forum-soegel.de\/information\/2016\/12\/neueroffnung-%e2%80%9egasthaus-am-kreisel%e2%80%9c-in-spahnharrenstatte\/","title":{"rendered":"Neuer\u00f6ffnung \u201eGasthaus am Kreisel\u201c in Spahnharrenst\u00e4tte"},"content":{"rendered":"<p>Spahnharrenst\u00e4tte \u2013 Neu er\u00f6ffnet hat in diesen Wochen das Restaurant &amp; Caf\u00e9 \u201eGasthaus am Kreisel&#8220; in Spahnharrenst\u00e4tte an der B\u00f6rgerstra\u00dfe. Das Gastronomenehepaar Mariana und Cristian Racovita bietet in gem\u00fctlich eingerichteten R\u00e4umlichkeiten saisonale Spezialit\u00e4ten, regionale Leckerbissen sowie einmal w\u00f6chentlich ((freitags) ein reichhaltiges Abendb\u00fcfett an. Zudem gibt es am Wochenende ein Kaffee- und Kuchenangebot sowie sonntags ein Fr\u00fchst\u00fccksb\u00fcfett. Reinhard Timpker (links), B\u00fcrgermeister der Gemeinde Spahnharrenst\u00e4tte sowie der B\u00fcrgermeister der Samtgemeinde S\u00f6gel G\u00fcnter Wigbers (rechts) freuen sich \u00fcber das neue gastronomische Angebot in der Gemeinde Spahnharrenst\u00e4tte und gratulierten zur Neuer\u00f6ffnung. Sie w\u00fcnschten dem Unternehmerehepaar viel Erfolg.<\/p>\n<p>Text: Ingrid Cloppenburg \/ Foto: Samtgemeinde S\u00f6gel<\/p>\n<p><a href=\"https:\/\/www.forum-soegel.de\/information\/wp-content\/uploads\/2016\/12\/Neuer\u00f6ffnung-\u201eGasthaus-am-Kreisel\u201c-in-Spahnharrenst\u00e4tte.jpg\"><img loading=\"lazy\" decoding=\"async\" class=\"alignnone size-medium wp-image-20380\" title=\"Neuer\u00f6ffnung \u201eGasthaus am Kreisel\u201c in Spahnharrenst\u00e4tte\" src=\"https:\/\/www.forum-soegel.de\/information\/wp-content\/uploads\/2016\/12\/Neuer\u00f6ffnung-\u201eGasthaus-am-Kreisel\u201c-in-Spahnharrenst\u00e4tte-300x225.jpg\" alt=\"\" width=\"300\" height=\"225\" srcset=\"https:\/\/www.forum-soegel.de\/information\/wp-content\/uploads\/2016\/12\/Neuer\u00f6ffnung-\u201eGasthaus-am-Kreisel\u201c-in-Spahnharrenst\u00e4tte-300x225.jpg 300w, https:\/\/www.forum-soegel.de\/information\/wp-content\/uploads\/2016\/12\/Neuer\u00f6ffnung-\u201eGasthaus-am-Kreisel\u201c-in-Spahnharrenst\u00e4tte.jpg 1024w\" sizes=\"auto, (max-width: 300px) 100vw, 300px\" \/><\/a><\/p>\n<p>&nbsp;<\/p>\n<p>&nbsp;<\/p>\n","protected":false},"excerpt":{"rendered":"Spahnharrenst\u00e4tte \u2013 Neu er\u00f6ffnet hat in diesen Wochen das Restaurant &amp; Caf\u00e9 \u201eGasthaus am Kreisel&#8220; in Spahnharrenst\u00e4tte an der B\u00f6rgerstra\u00dfe. Das Gastronomenehepaar Mariana und Cristian Racovita bietet in gem\u00fctlich eingerichteten R\u00e4umlichkeiten saisonale Spezialit\u00e4ten, regionale Leckerbissen sowie einmal w\u00f6chentlich ((freitags) ein reichhaltiges Abendb\u00fcfett an. Zudem gibt es am Wochenende ein Kaffee- und Kuchenangebot sowie sonntags ein [&hellip;]\n","protected":false},"author":2,"featured_media":0,"comment_status":"closed","ping_status":"closed","sticky":false,"template":"","format":"standard","meta":{"ngg_post_thumbnail":0,"footnotes":""},"categories":[4],"tags":[],"class_list":["post-20379","post","type-post","status-publish","format-standard","hentry","category-aus-der-geschaftswelt"],"_links":{"self":[{"href":"https:\/\/www.forum-soegel.de\/information\/wp-json\/wp\/v2\/posts\/20379","targetHints":{"allow":["GET"]}}],"collection":[{"href":"https:\/\/www.forum-soegel.de\/information\/wp-json\/wp\/v2\/posts"}],"about":[{"href":"https:\/\/www.forum-soegel.de\/information\/wp-json\/wp\/v2\/types\/post"}],"author":[{"embeddable":true,"href":"https:\/\/www.forum-soegel.de\/information\/wp-json\/wp\/v2\/users\/2"}],"replies":[{"embeddable":true,"href":"https:\/\/www.forum-soegel.de\/information\/wp-json\/wp\/v2\/comments?post=20379"}],"version-history":[{"count":1,"href":"https:\/\/www.forum-soegel.de\/information\/wp-json\/wp\/v2\/posts\/20379\/revisions"}],"predecessor-version":[{"id":20381,"href":"https:\/\/www.forum-soegel.de\/information\/wp-json\/wp\/v2\/posts\/20379\/revisions\/20381"}],"wp:attachment":[{"href":"https:\/\/www.forum-soegel.de\/information\/wp-json\/wp\/v2\/media?parent=20379"}],"wp:term":[{"taxonomy":"category","embeddable":true,"href":"https:\/\/www.forum-soegel.de\/information\/wp-json\/wp\/v2\/categories?post=20379"},{"taxonomy":"post_tag","embeddable":true,"href":"https:\/\/www.forum-soegel.de\/information\/wp-json\/wp\/v2\/tags?post=20379"}],"curies":[{"name":"wp","href":"https:\/\/api.w.org\/{rel}","templated":true}]}}