{"id":20372,"date":"2016-12-25T19:05:41","date_gmt":"2016-12-25T18:05:41","guid":{"rendered":"https:\/\/www.forum-soegel.de\/information\/?p=20372"},"modified":"2016-12-25T19:05:41","modified_gmt":"2016-12-25T18:05:41","slug":"weihnachtspackchenkonvoi-kinder-helfen-kindern","status":"publish","type":"post","link":"https:\/\/www.forum-soegel.de\/information\/2016\/12\/weihnachtspackchenkonvoi-kinder-helfen-kindern\/","title":{"rendered":"Weihnachtsp\u00e4ckchenkonvoi Kinder helfen Kindern"},"content":{"rendered":"<p><a href=\"https:\/\/www.forum-soegel.de\/information\/wp-content\/uploads\/2016\/12\/Kinder-helfen.jpg\"><img loading=\"lazy\" decoding=\"async\" class=\"alignleft size-full wp-image-20374\" title=\"Kinder helfen\" src=\"https:\/\/www.forum-soegel.de\/information\/wp-content\/uploads\/2016\/12\/Kinder-helfen.jpg\" alt=\"\" width=\"161\" height=\"160\" srcset=\"https:\/\/www.forum-soegel.de\/information\/wp-content\/uploads\/2016\/12\/Kinder-helfen.jpg 161w, https:\/\/www.forum-soegel.de\/information\/wp-content\/uploads\/2016\/12\/Kinder-helfen-150x150.jpg 150w\" sizes=\"auto, (max-width: 161px) 100vw, 161px\" \/><\/a>Gro\u00df Ber\u00dfen &#8211; Auch in diesem Jahr beteiligte sich die Kindertagesst\u00e4tte Regenbogenland in Gro\u00df Ber\u00dfen \u00a0wieder an der Aktion \u201eWeihnachtsp\u00e4ckchenkonvoi Kinder helfen Kindern\u201c.<\/p>\n<p>Stefan Kleimann aus Gro\u00df Ber\u00dfen, der sich in seiner Freizeit bei dem Round Table 142 Lingen-Meppen engagiert, konnte nun schon zum dritten Mal einen Kofferraum voll sch\u00f6ner, liebevoll verpackter Pakete vom Kindergarten abholen. Mit Begeisterung halfen ihm die Kinder dabei, die Pakete zum Auto zu bringen, um sie dort zu verpacken. Diese werden in der n\u00e4chsten Woche in Container verpackt und in die Ukraine gefahren. Dort werden sie an die richtigen Stellen verteilt und sicherlich werden die Kinder sich sehr dar\u00fcber freuen. Im Namen von Round Table sagt Stefan Kleimann: \u201eDANKESCH\u00d6N!\u201c.<\/p>\n<p>Text\/Foto: Kindergarten Regenbogenland Gro\u00df Ber\u00dfen<\/p>\n<p><a href=\"https:\/\/www.forum-soegel.de\/information\/wp-content\/uploads\/2016\/12\/Weihnachtsp\u00e4ckchenkonvoi-Kinder-helfen-Kindern.jpg\"><img loading=\"lazy\" decoding=\"async\" class=\"alignnone size-medium wp-image-20373\" title=\"Weihnachtsp\u00e4ckchenkonvoi Kinder helfen Kindern\" src=\"https:\/\/www.forum-soegel.de\/information\/wp-content\/uploads\/2016\/12\/Weihnachtsp\u00e4ckchenkonvoi-Kinder-helfen-Kindern-300x227.jpg\" alt=\"\" width=\"300\" height=\"227\" srcset=\"https:\/\/www.forum-soegel.de\/information\/wp-content\/uploads\/2016\/12\/Weihnachtsp\u00e4ckchenkonvoi-Kinder-helfen-Kindern-300x227.jpg 300w, https:\/\/www.forum-soegel.de\/information\/wp-content\/uploads\/2016\/12\/Weihnachtsp\u00e4ckchenkonvoi-Kinder-helfen-Kindern.jpg 1013w\" sizes=\"auto, (max-width: 300px) 100vw, 300px\" \/><\/a><\/p>\n","protected":false},"excerpt":{"rendered":"Gro\u00df Ber\u00dfen &#8211; Auch in diesem Jahr beteiligte sich die Kindertagesst\u00e4tte Regenbogenland in Gro\u00df Ber\u00dfen \u00a0wieder an der Aktion \u201eWeihnachtsp\u00e4ckchenkonvoi Kinder helfen Kindern\u201c. Stefan Kleimann aus Gro\u00df Ber\u00dfen, der sich in seiner Freizeit bei dem Round Table 142 Lingen-Meppen engagiert, konnte nun schon zum dritten Mal einen Kofferraum voll sch\u00f6ner, liebevoll verpackter Pakete vom Kindergarten [&hellip;]\n","protected":false},"author":2,"featured_media":0,"comment_status":"closed","ping_status":"closed","sticky":false,"template":"","format":"standard","meta":{"ngg_post_thumbnail":0,"footnotes":""},"categories":[868],"tags":[],"class_list":["post-20372","post","type-post","status-publish","format-standard","hentry","category-zwischen-himmel-und-erde"],"_links":{"self":[{"href":"https:\/\/www.forum-soegel.de\/information\/wp-json\/wp\/v2\/posts\/20372","targetHints":{"allow":["GET"]}}],"collection":[{"href":"https:\/\/www.forum-soegel.de\/information\/wp-json\/wp\/v2\/posts"}],"about":[{"href":"https:\/\/www.forum-soegel.de\/information\/wp-json\/wp\/v2\/types\/post"}],"author":[{"embeddable":true,"href":"https:\/\/www.forum-soegel.de\/information\/wp-json\/wp\/v2\/users\/2"}],"replies":[{"embeddable":true,"href":"https:\/\/www.forum-soegel.de\/information\/wp-json\/wp\/v2\/comments?post=20372"}],"version-history":[{"count":1,"href":"https:\/\/www.forum-soegel.de\/information\/wp-json\/wp\/v2\/posts\/20372\/revisions"}],"predecessor-version":[{"id":20375,"href":"https:\/\/www.forum-soegel.de\/information\/wp-json\/wp\/v2\/posts\/20372\/revisions\/20375"}],"wp:attachment":[{"href":"https:\/\/www.forum-soegel.de\/information\/wp-json\/wp\/v2\/media?parent=20372"}],"wp:term":[{"taxonomy":"category","embeddable":true,"href":"https:\/\/www.forum-soegel.de\/information\/wp-json\/wp\/v2\/categories?post=20372"},{"taxonomy":"post_tag","embeddable":true,"href":"https:\/\/www.forum-soegel.de\/information\/wp-json\/wp\/v2\/tags?post=20372"}],"curies":[{"name":"wp","href":"https:\/\/api.w.org\/{rel}","templated":true}]}}