{"id":20370,"date":"2016-12-25T19:03:24","date_gmt":"2016-12-25T18:03:24","guid":{"rendered":"https:\/\/www.forum-soegel.de\/information\/?p=20370"},"modified":"2016-12-25T20:08:28","modified_gmt":"2016-12-25T19:08:28","slug":"weihnachtskonzert-in-st-jakobus-sogel-5","status":"publish","type":"post","link":"https:\/\/www.forum-soegel.de\/information\/2016\/12\/weihnachtskonzert-in-st-jakobus-sogel-5\/","title":{"rendered":"Weihnachtskonzert in St. Jakobus S\u00f6gel"},"content":{"rendered":"<p><a href=\"https:\/\/www.forum-soegel.de\/information\/wp-content\/uploads\/2016\/12\/Weihnachtskonzert-in-St.-Jakobus-S\u00f6gel.jpg\"><img loading=\"lazy\" decoding=\"async\" class=\"alignleft size-medium wp-image-20477\" title=\"Weihnachtskonzert in St. Jakobus S\u00f6gel\" src=\"https:\/\/www.forum-soegel.de\/information\/wp-content\/uploads\/2016\/12\/Weihnachtskonzert-in-St.-Jakobus-S\u00f6gel-212x300.jpg\" alt=\"\" width=\"212\" height=\"300\" srcset=\"https:\/\/www.forum-soegel.de\/information\/wp-content\/uploads\/2016\/12\/Weihnachtskonzert-in-St.-Jakobus-S\u00f6gel-212x300.jpg 212w, https:\/\/www.forum-soegel.de\/information\/wp-content\/uploads\/2016\/12\/Weihnachtskonzert-in-St.-Jakobus-S\u00f6gel-723x1024.jpg 723w\" sizes=\"auto, (max-width: 212px) 100vw, 212px\" \/><\/a>S\u00f6gel &#8211; Am Freitag, dem 30. Dezember 2016 findet das diesj\u00e4hrige Weihnachtskonzert zum achten Mal in unserer St. Jakobuskirche in S\u00f6gel statt. Um 19.30 Uhr werden aus dem Weihnachtsoratorium von Johann Sebastian Bach (BWV 248) die Kantaten 4 &#8211; 6 erklingen. Singen wird der \u201eKammerchor Emsland\u201c, der in unserer Kirche ein gern gesehener Gast ist. Das Konzert vor zwei Jahren mit den ersten drei Kantaten des Weihnachtsoratoriums war ein sehr gro\u00dfer Erfolg. Daher freuen wir uns, dass in diesem Jahr nach Weihnachten der zweite Teil des Weihnachtsoratoriums festlich erklingen wird. Das Barockorchester \u201eConcert royal K\u00f6ln\u201c wird den Kammerchor Emsland auf historischen Instrumenten begleiten. Die Solopartien werden in diesem Jahr Jana Thomas (Sopran), Isabel Baumgartner (Alt), Lothar Blum (Tenor) und Thilo Dahlmann (Bass) \u00fcbernehmen. Der Kammerchor Emsland besteht aus ambitionierten S\u00e4ngerinnen und S\u00e4ngern aus dem ganzen Emsland und wird von den beiden Regionalkantoren Frauke Sparfeldt (S\u00f6gel) und Balthasar Baumgartner (Meppen) gemeinsam geleitet. Der Chor besteht seit einigen Jahren und gestaltet immer mindestens zwei Konzerte an unterschiedlichen Orten mit identischem Programm. Die Leitung bei dem\u00a0 Konzert in S\u00f6gel hat Regionalkantorin Frauke Sparfeldt. Die Kantaten 4 \u2013 6 des Weihnachtsoratoriums werden auch am Donnerstag, dem \u00a029. Dezember, um 19.30 Uhr in der Propsteikirche St. Vitus Meppen erklingen. Die Leitung dieser Auff\u00fchrung hat Regionalkantor Balthasar Baumgartner. Karten f\u00fcr das Konzert in Meppen sind bei der Theatergemeinde Meppen erh\u00e4ltlich. F\u00fcr das Konzert in S\u00f6gel gibt es die Karten bei Schreibwaren L\u00fcbs in S\u00f6gel und im Pfarrb\u00fcro St. Jakobus S\u00f6gel zum Preis von 15 \u20ac im Vorverkauf.<\/p>\n<p>Text: Frauke Sparfeldt<\/p>\n<p>&nbsp;<\/p>\n<p>&nbsp;<\/p>\n","protected":false},"excerpt":{"rendered":"S\u00f6gel &#8211; Am Freitag, dem 30. Dezember 2016 findet das diesj\u00e4hrige Weihnachtskonzert zum achten Mal in unserer St. Jakobuskirche in S\u00f6gel statt. Um 19.30 Uhr werden aus dem Weihnachtsoratorium von Johann Sebastian Bach (BWV 248) die Kantaten 4 &#8211; 6 erklingen. Singen wird der \u201eKammerchor Emsland\u201c, der in unserer Kirche ein gern gesehener Gast ist. [&hellip;]\n","protected":false},"author":2,"featured_media":0,"comment_status":"closed","ping_status":"closed","sticky":false,"template":"","format":"standard","meta":{"ngg_post_thumbnail":0,"footnotes":""},"categories":[868],"tags":[],"class_list":["post-20370","post","type-post","status-publish","format-standard","hentry","category-zwischen-himmel-und-erde"],"_links":{"self":[{"href":"https:\/\/www.forum-soegel.de\/information\/wp-json\/wp\/v2\/posts\/20370","targetHints":{"allow":["GET"]}}],"collection":[{"href":"https:\/\/www.forum-soegel.de\/information\/wp-json\/wp\/v2\/posts"}],"about":[{"href":"https:\/\/www.forum-soegel.de\/information\/wp-json\/wp\/v2\/types\/post"}],"author":[{"embeddable":true,"href":"https:\/\/www.forum-soegel.de\/information\/wp-json\/wp\/v2\/users\/2"}],"replies":[{"embeddable":true,"href":"https:\/\/www.forum-soegel.de\/information\/wp-json\/wp\/v2\/comments?post=20370"}],"version-history":[{"count":3,"href":"https:\/\/www.forum-soegel.de\/information\/wp-json\/wp\/v2\/posts\/20370\/revisions"}],"predecessor-version":[{"id":20479,"href":"https:\/\/www.forum-soegel.de\/information\/wp-json\/wp\/v2\/posts\/20370\/revisions\/20479"}],"wp:attachment":[{"href":"https:\/\/www.forum-soegel.de\/information\/wp-json\/wp\/v2\/media?parent=20370"}],"wp:term":[{"taxonomy":"category","embeddable":true,"href":"https:\/\/www.forum-soegel.de\/information\/wp-json\/wp\/v2\/categories?post=20370"},{"taxonomy":"post_tag","embeddable":true,"href":"https:\/\/www.forum-soegel.de\/information\/wp-json\/wp\/v2\/tags?post=20370"}],"curies":[{"name":"wp","href":"https:\/\/api.w.org\/{rel}","templated":true}]}}