{"id":20366,"date":"2016-12-25T19:02:36","date_gmt":"2016-12-25T18:02:36","guid":{"rendered":"https:\/\/www.forum-soegel.de\/information\/?p=20366"},"modified":"2016-12-25T19:02:36","modified_gmt":"2016-12-25T18:02:36","slug":"theaterstuck-im-rahmen-von-mubiki-ein-voller-erfolg","status":"publish","type":"post","link":"https:\/\/www.forum-soegel.de\/information\/2016\/12\/theaterstuck-im-rahmen-von-mubiki-ein-voller-erfolg\/","title":{"rendered":"Theaterst\u00fcck im Rahmen von MuBiKi ein voller Erfolg"},"content":{"rendered":"<p><a href=\"https:\/\/www.forum-soegel.de\/information\/wp-content\/uploads\/2016\/12\/Theaterst\u00fcck-im-Rahmen-von-MuBiKi-ein-voller-Erfolg2.jpg\"><img loading=\"lazy\" decoding=\"async\" class=\"alignleft size-medium wp-image-20368\" title=\"Theaterst\u00fcck im Rahmen von MuBiKi ein voller Erfolg2\" src=\"https:\/\/www.forum-soegel.de\/information\/wp-content\/uploads\/2016\/12\/Theaterst\u00fcck-im-Rahmen-von-MuBiKi-ein-voller-Erfolg2-300x199.jpg\" alt=\"\" width=\"300\" height=\"199\" srcset=\"https:\/\/www.forum-soegel.de\/information\/wp-content\/uploads\/2016\/12\/Theaterst\u00fcck-im-Rahmen-von-MuBiKi-ein-voller-Erfolg2-300x199.jpg 300w, https:\/\/www.forum-soegel.de\/information\/wp-content\/uploads\/2016\/12\/Theaterst\u00fcck-im-Rahmen-von-MuBiKi-ein-voller-Erfolg2.jpg 1024w\" sizes=\"auto, (max-width: 300px) 100vw, 300px\" \/><\/a>B\u00f6rger &#8211; Am 26.10.2016 hatten die Vorschulkinder der KiTa Speelhus B\u00f6rger bereits ihren ersten gro\u00dfen Auftritt.<\/p>\n<p>Sie haben unter der Regie von Andrea L\u00fcken und Babette Cramer das musikalische Theaterst\u00fcck \u201eDas kleine Ich bin Ich\u201c in der KiTa aufgef\u00fchrt.<\/p>\n<p>Auf eine spielerische und professionelle Art und Weise wurden die Kinder an das Theaterst\u00fcck herangef\u00fchrt. Denn sowohl Frau L\u00fcken als auch Frau Cramer nehmen an der Fortbildung \u201eMusikalisch-kulturelle Bildung in der KiTa (MuBiKi)\u201c teil. Die Auff\u00fchrung war ein Highlight f\u00fcr die Kindertagesst\u00e4tte Speelhus und den heilp\u00e4dagogischen Kindergarten Sterntaler in B\u00f6rger, deren Vorschulkinder auch am Projekt teilgenommen haben. Gemeinsam hatten alle Beteiligten viel Spa\u00df und Freude bei den Vorbereitungen und bei der Durchf\u00fchrung.<\/p>\n<p>Text\/Foto: Margret Pohlgeers<\/p>\n<div id=\"attachment_20367\" style=\"width: 310px\" class=\"wp-caption alignnone\"><a href=\"https:\/\/www.forum-soegel.de\/information\/wp-content\/uploads\/2016\/12\/Theaterst\u00fcck-im-Rahmen-von-MuBiKi-ein-voller-Erfolg1.jpg\"><img loading=\"lazy\" decoding=\"async\" aria-describedby=\"caption-attachment-20367\" class=\"size-medium wp-image-20367\" title=\"Theaterst\u00fcck im Rahmen von MuBiKi ein voller Erfolg1\" src=\"https:\/\/www.forum-soegel.de\/information\/wp-content\/uploads\/2016\/12\/Theaterst\u00fcck-im-Rahmen-von-MuBiKi-ein-voller-Erfolg1-300x199.jpg\" alt=\"\" width=\"300\" height=\"199\" srcset=\"https:\/\/www.forum-soegel.de\/information\/wp-content\/uploads\/2016\/12\/Theaterst\u00fcck-im-Rahmen-von-MuBiKi-ein-voller-Erfolg1-300x199.jpg 300w, https:\/\/www.forum-soegel.de\/information\/wp-content\/uploads\/2016\/12\/Theaterst\u00fcck-im-Rahmen-von-MuBiKi-ein-voller-Erfolg1.jpg 1024w\" sizes=\"auto, (max-width: 300px) 100vw, 300px\" \/><\/a><p id=\"caption-attachment-20367\" class=\"wp-caption-text\">Eine beeindruckende Vorstellung legten die Vorschulkinder in B\u00f6rger ab.<\/p><\/div>\n","protected":false},"excerpt":{"rendered":"B\u00f6rger &#8211; Am 26.10.2016 hatten die Vorschulkinder der KiTa Speelhus B\u00f6rger bereits ihren ersten gro\u00dfen Auftritt. Sie haben unter der Regie von Andrea L\u00fcken und Babette Cramer das musikalische Theaterst\u00fcck \u201eDas kleine Ich bin Ich\u201c in der KiTa aufgef\u00fchrt. Auf eine spielerische und professionelle Art und Weise wurden die Kinder an das Theaterst\u00fcck herangef\u00fchrt. Denn [&hellip;]\n","protected":false},"author":2,"featured_media":0,"comment_status":"closed","ping_status":"closed","sticky":false,"template":"","format":"standard","meta":{"ngg_post_thumbnail":0,"footnotes":""},"categories":[868],"tags":[],"class_list":["post-20366","post","type-post","status-publish","format-standard","hentry","category-zwischen-himmel-und-erde"],"_links":{"self":[{"href":"https:\/\/www.forum-soegel.de\/information\/wp-json\/wp\/v2\/posts\/20366","targetHints":{"allow":["GET"]}}],"collection":[{"href":"https:\/\/www.forum-soegel.de\/information\/wp-json\/wp\/v2\/posts"}],"about":[{"href":"https:\/\/www.forum-soegel.de\/information\/wp-json\/wp\/v2\/types\/post"}],"author":[{"embeddable":true,"href":"https:\/\/www.forum-soegel.de\/information\/wp-json\/wp\/v2\/users\/2"}],"replies":[{"embeddable":true,"href":"https:\/\/www.forum-soegel.de\/information\/wp-json\/wp\/v2\/comments?post=20366"}],"version-history":[{"count":1,"href":"https:\/\/www.forum-soegel.de\/information\/wp-json\/wp\/v2\/posts\/20366\/revisions"}],"predecessor-version":[{"id":20369,"href":"https:\/\/www.forum-soegel.de\/information\/wp-json\/wp\/v2\/posts\/20366\/revisions\/20369"}],"wp:attachment":[{"href":"https:\/\/www.forum-soegel.de\/information\/wp-json\/wp\/v2\/media?parent=20366"}],"wp:term":[{"taxonomy":"category","embeddable":true,"href":"https:\/\/www.forum-soegel.de\/information\/wp-json\/wp\/v2\/categories?post=20366"},{"taxonomy":"post_tag","embeddable":true,"href":"https:\/\/www.forum-soegel.de\/information\/wp-json\/wp\/v2\/tags?post=20366"}],"curies":[{"name":"wp","href":"https:\/\/api.w.org\/{rel}","templated":true}]}}