{"id":20360,"date":"2016-12-25T18:59:41","date_gmt":"2016-12-25T17:59:41","guid":{"rendered":"https:\/\/www.forum-soegel.de\/information\/?p=20360"},"modified":"2016-12-25T18:59:41","modified_gmt":"2016-12-25T17:59:41","slug":"jugendliche-bauen-cajons-fur-die-grundschule-werpeloh","status":"publish","type":"post","link":"https:\/\/www.forum-soegel.de\/information\/2016\/12\/jugendliche-bauen-cajons-fur-die-grundschule-werpeloh\/","title":{"rendered":"Jugendliche bauen Cajons f\u00fcr die Grundschule Werpeloh"},"content":{"rendered":"<p>Werpeloh &#8211; Im Rahmen ihrer diesj\u00e4hrigen Firmvorbereitung haben 11 Jugendliche aus Werpeloh ein soziales Projekt durchgef\u00fchrt. Sie h\u00e4mmerten, s\u00e4gten, schmirgelten, leimten und lackierten vorgefertigte Baus\u00e4tze zu einem Rhythmusinstrument. In mehreren Treffen wurden unter Anleitung von Heinz M\u00f6hlenkamp in einer Gemeinschaftsaktion insgesamt 5 Cajons fertiggestellt und anschlie\u00dfend mit dem Logo der Grundschule St. Franziskus Werpeloh verziert.<\/p>\n<p>Die Kosten f\u00fcr dieses Projekt werden zum einen durch einen Kuchenverkauf im Advent finanziert, zum anderen unterst\u00fctzte der \u00f6rtliche F\u00f6rderverein das Vorhaben.<\/p>\n<p>In ihrem Firmgottesdienst am 21. Oktober 2016 wurden die Instrumente zusammen mit Sch\u00fclern der 4. Klasse eingeweiht und anschlie\u00dfend der Grundschule f\u00fcr ihren Musikunterricht \u00fcbergeben.<\/p>\n<p>Text: Sylke Geers, Maria M\u00fcller \/ Foto: Willi Nieters<\/p>\n<p><a href=\"https:\/\/www.forum-soegel.de\/information\/wp-content\/uploads\/2016\/12\/Jugendliche-bauen-Cajons-f\u00fcr-die-Grundschule-Werpeloh.jpg\"><img loading=\"lazy\" decoding=\"async\" class=\"alignnone size-medium wp-image-20361\" title=\"Jugendliche bauen Cajons f\u00fcr die Grundschule Werpeloh\" src=\"https:\/\/www.forum-soegel.de\/information\/wp-content\/uploads\/2016\/12\/Jugendliche-bauen-Cajons-f\u00fcr-die-Grundschule-Werpeloh-300x200.jpg\" alt=\"\" width=\"300\" height=\"200\" srcset=\"https:\/\/www.forum-soegel.de\/information\/wp-content\/uploads\/2016\/12\/Jugendliche-bauen-Cajons-f\u00fcr-die-Grundschule-Werpeloh-300x200.jpg 300w, https:\/\/www.forum-soegel.de\/information\/wp-content\/uploads\/2016\/12\/Jugendliche-bauen-Cajons-f\u00fcr-die-Grundschule-Werpeloh.jpg 1024w\" sizes=\"auto, (max-width: 300px) 100vw, 300px\" \/><\/a><\/p>\n<p>&nbsp;<\/p>\n","protected":false},"excerpt":{"rendered":"Werpeloh &#8211; Im Rahmen ihrer diesj\u00e4hrigen Firmvorbereitung haben 11 Jugendliche aus Werpeloh ein soziales Projekt durchgef\u00fchrt. Sie h\u00e4mmerten, s\u00e4gten, schmirgelten, leimten und lackierten vorgefertigte Baus\u00e4tze zu einem Rhythmusinstrument. In mehreren Treffen wurden unter Anleitung von Heinz M\u00f6hlenkamp in einer Gemeinschaftsaktion insgesamt 5 Cajons fertiggestellt und anschlie\u00dfend mit dem Logo der Grundschule St. Franziskus Werpeloh verziert. [&hellip;]\n","protected":false},"author":2,"featured_media":0,"comment_status":"closed","ping_status":"closed","sticky":false,"template":"","format":"standard","meta":{"ngg_post_thumbnail":0,"footnotes":""},"categories":[868],"tags":[],"class_list":["post-20360","post","type-post","status-publish","format-standard","hentry","category-zwischen-himmel-und-erde"],"_links":{"self":[{"href":"https:\/\/www.forum-soegel.de\/information\/wp-json\/wp\/v2\/posts\/20360","targetHints":{"allow":["GET"]}}],"collection":[{"href":"https:\/\/www.forum-soegel.de\/information\/wp-json\/wp\/v2\/posts"}],"about":[{"href":"https:\/\/www.forum-soegel.de\/information\/wp-json\/wp\/v2\/types\/post"}],"author":[{"embeddable":true,"href":"https:\/\/www.forum-soegel.de\/information\/wp-json\/wp\/v2\/users\/2"}],"replies":[{"embeddable":true,"href":"https:\/\/www.forum-soegel.de\/information\/wp-json\/wp\/v2\/comments?post=20360"}],"version-history":[{"count":1,"href":"https:\/\/www.forum-soegel.de\/information\/wp-json\/wp\/v2\/posts\/20360\/revisions"}],"predecessor-version":[{"id":20362,"href":"https:\/\/www.forum-soegel.de\/information\/wp-json\/wp\/v2\/posts\/20360\/revisions\/20362"}],"wp:attachment":[{"href":"https:\/\/www.forum-soegel.de\/information\/wp-json\/wp\/v2\/media?parent=20360"}],"wp:term":[{"taxonomy":"category","embeddable":true,"href":"https:\/\/www.forum-soegel.de\/information\/wp-json\/wp\/v2\/categories?post=20360"},{"taxonomy":"post_tag","embeddable":true,"href":"https:\/\/www.forum-soegel.de\/information\/wp-json\/wp\/v2\/tags?post=20360"}],"curies":[{"name":"wp","href":"https:\/\/api.w.org\/{rel}","templated":true}]}}