{"id":20357,"date":"2016-12-25T18:58:13","date_gmt":"2016-12-25T17:58:13","guid":{"rendered":"https:\/\/www.forum-soegel.de\/information\/?p=20357"},"modified":"2016-12-25T18:58:13","modified_gmt":"2016-12-25T17:58:13","slug":"integrative-gruppe-im-kindergarten-st-michael-stavern","status":"publish","type":"post","link":"https:\/\/www.forum-soegel.de\/information\/2016\/12\/integrative-gruppe-im-kindergarten-st-michael-stavern\/","title":{"rendered":"Integrative Gruppe im Kindergarten St. Michael Stavern"},"content":{"rendered":"<p>Stavern &#8211; Seit dem 01. August 2016 ist in der Kindertagesst\u00e4tte St. Michael eine Integrationsgruppe eingerichtet. Kinder mit und ohne F\u00f6rderbedarf erleben gemeinsam das Spielen und Lernen in der Kita. Marianne Robben, Diplom-Sozialp\u00e4dagogin (Fachbereich Kindliche Entwicklung und Familie) vom Vitus-Werk in Meppen informierte die Interessierten, im Rahmen eines Informationsabends, \u00fcber die Entstehung der integrativen Arbeit der Rahmenbedingungen und das Aufnahmeverfahren. Weiterhin machte sie deutlich dass sich viele Kindertagesst\u00e4tten bereits auf dem Weg zur Inklusion befinden. Die Heilp\u00e4dagogin, Simone Wilmes, schilderte die Inhalte und Schwerpunkte der heilp\u00e4dagogischen F\u00f6rderung im Kindergarten. Bei Interesse und Fragen wenden sich Interessierte bitte an die Kindergartenleitung Sabine Beelmann.<\/p>\n<p>Text\/Foto: KiGa St. Michael Stavern<\/p>\n<div id=\"attachment_20358\" style=\"width: 310px\" class=\"wp-caption alignnone\"><a href=\"https:\/\/www.forum-soegel.de\/information\/wp-content\/uploads\/2016\/12\/Integrative-Gruppe-im-Kindergarten-St.-Michael-Stavern.jpg\"><img loading=\"lazy\" decoding=\"async\" aria-describedby=\"caption-attachment-20358\" class=\"size-medium wp-image-20358\" title=\"Integrative Gruppe im Kindergarten St. Michael Stavern\" src=\"https:\/\/www.forum-soegel.de\/information\/wp-content\/uploads\/2016\/12\/Integrative-Gruppe-im-Kindergarten-St.-Michael-Stavern-300x225.jpg\" alt=\"\" width=\"300\" height=\"225\" srcset=\"https:\/\/www.forum-soegel.de\/information\/wp-content\/uploads\/2016\/12\/Integrative-Gruppe-im-Kindergarten-St.-Michael-Stavern-300x225.jpg 300w, https:\/\/www.forum-soegel.de\/information\/wp-content\/uploads\/2016\/12\/Integrative-Gruppe-im-Kindergarten-St.-Michael-Stavern.jpg 1024w\" sizes=\"auto, (max-width: 300px) 100vw, 300px\" \/><\/a><p id=\"caption-attachment-20358\" class=\"wp-caption-text\">von links: Diplom-Sozialp\u00e4dagogin Marianne Robben, Kindergartenleitung Sabine Beelmann, Heilp\u00e4dagogin Simone Wilmes<\/p><\/div>\n","protected":false},"excerpt":{"rendered":"Stavern &#8211; Seit dem 01. August 2016 ist in der Kindertagesst\u00e4tte St. Michael eine Integrationsgruppe eingerichtet. Kinder mit und ohne F\u00f6rderbedarf erleben gemeinsam das Spielen und Lernen in der Kita. Marianne Robben, Diplom-Sozialp\u00e4dagogin (Fachbereich Kindliche Entwicklung und Familie) vom Vitus-Werk in Meppen informierte die Interessierten, im Rahmen eines Informationsabends, \u00fcber die Entstehung der integrativen Arbeit [&hellip;]\n","protected":false},"author":2,"featured_media":0,"comment_status":"closed","ping_status":"closed","sticky":false,"template":"","format":"standard","meta":{"ngg_post_thumbnail":0,"footnotes":""},"categories":[868],"tags":[],"class_list":["post-20357","post","type-post","status-publish","format-standard","hentry","category-zwischen-himmel-und-erde"],"_links":{"self":[{"href":"https:\/\/www.forum-soegel.de\/information\/wp-json\/wp\/v2\/posts\/20357","targetHints":{"allow":["GET"]}}],"collection":[{"href":"https:\/\/www.forum-soegel.de\/information\/wp-json\/wp\/v2\/posts"}],"about":[{"href":"https:\/\/www.forum-soegel.de\/information\/wp-json\/wp\/v2\/types\/post"}],"author":[{"embeddable":true,"href":"https:\/\/www.forum-soegel.de\/information\/wp-json\/wp\/v2\/users\/2"}],"replies":[{"embeddable":true,"href":"https:\/\/www.forum-soegel.de\/information\/wp-json\/wp\/v2\/comments?post=20357"}],"version-history":[{"count":1,"href":"https:\/\/www.forum-soegel.de\/information\/wp-json\/wp\/v2\/posts\/20357\/revisions"}],"predecessor-version":[{"id":20359,"href":"https:\/\/www.forum-soegel.de\/information\/wp-json\/wp\/v2\/posts\/20357\/revisions\/20359"}],"wp:attachment":[{"href":"https:\/\/www.forum-soegel.de\/information\/wp-json\/wp\/v2\/media?parent=20357"}],"wp:term":[{"taxonomy":"category","embeddable":true,"href":"https:\/\/www.forum-soegel.de\/information\/wp-json\/wp\/v2\/categories?post=20357"},{"taxonomy":"post_tag","embeddable":true,"href":"https:\/\/www.forum-soegel.de\/information\/wp-json\/wp\/v2\/tags?post=20357"}],"curies":[{"name":"wp","href":"https:\/\/api.w.org\/{rel}","templated":true}]}}