{"id":20354,"date":"2016-12-25T18:57:01","date_gmt":"2016-12-25T17:57:01","guid":{"rendered":"https:\/\/www.forum-soegel.de\/information\/?p=20354"},"modified":"2016-12-25T18:57:01","modified_gmt":"2016-12-25T17:57:01","slug":"generalversammlung-der-kfd-stavern","status":"publish","type":"post","link":"https:\/\/www.forum-soegel.de\/information\/2016\/12\/generalversammlung-der-kfd-stavern\/","title":{"rendered":"Generalversammlung der kfd Stavern"},"content":{"rendered":"<p><a href=\"https:\/\/www.forum-soegel.de\/information\/wp-content\/uploads\/2016\/12\/Generalversammlung-der-kfd-Stavern.jpg\"><img loading=\"lazy\" decoding=\"async\" class=\"alignleft size-medium wp-image-20355\" title=\"Generalversammlung der kfd Stavern\" src=\"https:\/\/www.forum-soegel.de\/information\/wp-content\/uploads\/2016\/12\/Generalversammlung-der-kfd-Stavern-300x200.jpg\" alt=\"\" width=\"300\" height=\"200\" srcset=\"https:\/\/www.forum-soegel.de\/information\/wp-content\/uploads\/2016\/12\/Generalversammlung-der-kfd-Stavern-300x200.jpg 300w, https:\/\/www.forum-soegel.de\/information\/wp-content\/uploads\/2016\/12\/Generalversammlung-der-kfd-Stavern.jpg 1024w\" sizes=\"auto, (max-width: 300px) 100vw, 300px\" \/><\/a>Stavern &#8211; Die Mitglieder der kfd Stavern wurden durch die Vorsitzende, Martina Stahlhut, begr\u00fc\u00dft. Im R\u00fcckblick auf das 100j\u00e4hrige Jubil\u00e4um wurden diejenigen Frauen geehrte, die sich in den vergangenen Jahren, durch Vorstandsarbeit verdient gemacht haben.<\/p>\n<p>In der Chronik der Kirchengemeinde Stavern ist erw\u00e4hnt, dass Frau Lammers im Gr\u00fcndungsjahr das Amt der 1. Vorsitzende bekleidete. Nicht alle ehemaligen Vorstandsmitglieder sind heute noch namentlich bekannt, jedoch hat jede Einzelne sich mit Ihrem Wirken um die kfd Stavern mit Engagement eingebracht.<\/p>\n<p>Im vergangenen Jahr 2016 wurden wieder einige Interessante, gesellige Veranstaltungen wie z. B. Bo\u00dfeln, Ferienpassaktion, Maiandacht mit dem M\u00e4nnerchor, Weltgebetstag gemeinsam mit der kfd Berssen durchgef\u00fchrt.<\/p>\n<p>Am Weltgebetstag, welches unter dem Motto \u201eKuba\u201c stand, wurde im Anschluss der Messe im Jugendheim Stavern verschiedene kubanische Spezialit\u00e4ten angeboten.<\/p>\n<p>Weiterhin wurde berichtet, dass der Erl\u00f6s aus dem Fastenessen, zugunsten des Kinderhospiz L\u00f6wenherz in H\u00f6he von 450,00 \u20ac gespendet wurde.<\/p>\n<p>Auch in diesem Jahr konnten erfreulicherweise neue Mitglieder in der kfd Stavern begr\u00fc\u00dft werden.<\/p>\n<p>Ein weiteres Jubil\u00e4um feierte in diesem Jahr die Tanzgruppe. Diese gr\u00fcndete sich unter der Leitung von Lore Finke vor 15 Jahren. Unter der heutigen Leitung von Frau Maria Bloms, legte die Tanzgruppe den ein oder anderen flotten Tanz aufs Parkett.<\/p>\n<p>Die Planungen f\u00fcr den im kommenden Jahr stattfindenden Frauenkarneval haben begonnen. Ehrenamtliches Engagement au\u00dferhalb des Vorstandes ist n\u00f6tig um Planungen hinter und vor den Kulissen umsetzen zu k\u00f6nnen. Bereits einige Frauen haben sich bereiterkl\u00e4rt als Akteure oder auch in der Durchf\u00fchrung des Programms mitzuwirken. Gerne k\u00f6nnen sich weitere Personen mit dem Vorstand in Verbindung setzen um sich an den Vorbereitungen oder auch mit Darbietungen zu einem karnevalistischen Abend beizutragen. Im Voraus hierf\u00fcr ein herzliches Dankesch\u00f6n!<\/p>\n<p>Text\/Foto: kfd Stavern<\/p>\n","protected":false},"excerpt":{"rendered":"Stavern &#8211; Die Mitglieder der kfd Stavern wurden durch die Vorsitzende, Martina Stahlhut, begr\u00fc\u00dft. Im R\u00fcckblick auf das 100j\u00e4hrige Jubil\u00e4um wurden diejenigen Frauen geehrte, die sich in den vergangenen Jahren, durch Vorstandsarbeit verdient gemacht haben. In der Chronik der Kirchengemeinde Stavern ist erw\u00e4hnt, dass Frau Lammers im Gr\u00fcndungsjahr das Amt der 1. Vorsitzende bekleidete. Nicht [&hellip;]\n","protected":false},"author":2,"featured_media":0,"comment_status":"closed","ping_status":"closed","sticky":false,"template":"","format":"standard","meta":{"ngg_post_thumbnail":0,"footnotes":""},"categories":[868],"tags":[],"class_list":["post-20354","post","type-post","status-publish","format-standard","hentry","category-zwischen-himmel-und-erde"],"_links":{"self":[{"href":"https:\/\/www.forum-soegel.de\/information\/wp-json\/wp\/v2\/posts\/20354","targetHints":{"allow":["GET"]}}],"collection":[{"href":"https:\/\/www.forum-soegel.de\/information\/wp-json\/wp\/v2\/posts"}],"about":[{"href":"https:\/\/www.forum-soegel.de\/information\/wp-json\/wp\/v2\/types\/post"}],"author":[{"embeddable":true,"href":"https:\/\/www.forum-soegel.de\/information\/wp-json\/wp\/v2\/users\/2"}],"replies":[{"embeddable":true,"href":"https:\/\/www.forum-soegel.de\/information\/wp-json\/wp\/v2\/comments?post=20354"}],"version-history":[{"count":1,"href":"https:\/\/www.forum-soegel.de\/information\/wp-json\/wp\/v2\/posts\/20354\/revisions"}],"predecessor-version":[{"id":20356,"href":"https:\/\/www.forum-soegel.de\/information\/wp-json\/wp\/v2\/posts\/20354\/revisions\/20356"}],"wp:attachment":[{"href":"https:\/\/www.forum-soegel.de\/information\/wp-json\/wp\/v2\/media?parent=20354"}],"wp:term":[{"taxonomy":"category","embeddable":true,"href":"https:\/\/www.forum-soegel.de\/information\/wp-json\/wp\/v2\/categories?post=20354"},{"taxonomy":"post_tag","embeddable":true,"href":"https:\/\/www.forum-soegel.de\/information\/wp-json\/wp\/v2\/tags?post=20354"}],"curies":[{"name":"wp","href":"https:\/\/api.w.org\/{rel}","templated":true}]}}