{"id":20351,"date":"2016-12-25T18:56:01","date_gmt":"2016-12-25T17:56:01","guid":{"rendered":"https:\/\/www.forum-soegel.de\/information\/?p=20351"},"modified":"2016-12-25T18:56:01","modified_gmt":"2016-12-25T17:56:01","slug":"generalversammlung-der-kfd-sogel-3","status":"publish","type":"post","link":"https:\/\/www.forum-soegel.de\/information\/2016\/12\/generalversammlung-der-kfd-sogel-3\/","title":{"rendered":"Generalversammlung der kfd S\u00f6gel"},"content":{"rendered":"<p style=\"text-align: left;\" align=\"center\"><strong>Neuwahlen um ein Jahr verschoben<\/strong><\/p>\n<p>S\u00f6gel &#8211; Mit ca. 200 Frauen war die diesj\u00e4hrige Generalversammlung der kfd S\u00f6gel im Clemenswerther Hof wieder sehr gut besucht. Nach der Begr\u00fc\u00dfung durch \u00a0Vorsitzende Irmgard Schlangen-Otten wurde der verstorbenen Mitglieder des vergangenen Jahres gedacht. Schriftf\u00fchrerin Gertrud Janssen erinnerte mit ihrem umfassenden T\u00e4tigkeitsbericht an die vielen Aktivit\u00e4ten, die im vergangenen Jahr gelaufen waren, \u00a0unter anderem an den Weltgebetstag der Frauen, der in der evangelischen Kirchengemeinde stattfand, an die Frauenkundgebung in Ahmsen mit der Auff\u00fchrung \u201eDie Dornenv\u00f6gel\u201c, an die Besichtigungstour durch Westgro\u00dfefehn, \u00a0die Fahrradtour nach Stavern mit anschlie\u00dfendem gem\u00fctlichem \u00a0Beisammensein in den H\u00fcmmlinger Teestuben sowie an den Weihnachtsmarkt auf Clemenswerth mit dem Verkauf von 80 Eimern Neujahrskuchen, die im Vorfeld von den Frauen gebacken worden waren. Ferner erinnerte sie an den Besuch des neuen S\u00f6geler Kindergartens St. Jakobus mit anschlie\u00dfendem Beisammensein im Ratskeller und an den beeindruckenden Besuch der Maltesergesch\u00e4ftsstelle in S\u00f6gel mit Einladung zum Imbiss und gem\u00fctlichem Ausklang. Auf gro\u00dfe Resonanz seien auch das Frauenfr\u00fchst\u00fcck und der Freundinnentag in Osnabr\u00fcck gesto\u00dfen, \u00a0berichtete Janssen weiter. Der Liturgiekreis um Beate Hanekamp habe wieder verschiedene Andachten und Gottesdienste mitgestaltet. \u00a0Anhand einer von Gertrud Janssen erstellten Pr\u00e4sentation konnten die Frauen die vielen Aktivit\u00e4ten bildlich verfolgen. Kassenwartin Maria B\u00fcter wurde \u00a0eine einwandfreie Kassenf\u00fchrung best\u00e4tigt, so dass dem Vorstand Entlastung erteilt werden konnte. Die Sketchgruppe mit Rita Haarmann, Gisela Kofoet und Brigitte Weers hatte mit \u00a0ihren lustigen und\u00a0 ironischen Beitr\u00e4gen mal wieder \u00a0die Lacher auf ihrer Seite. \u00a0Nach der Kaffeepause erz\u00e4hlte Pater Edmund, der seit 1 \u00bd Jahren der neue Hausobere mit Pater Fidelis, Bruder Nikolaus und Pater Franz im Kloster Clemenswerth ist, \u00a0seine durchaus beeindruckende Lebensgeschichte. Er sorgte ferner mit seinen sch\u00f6nen, musikalischen Beitr\u00e4gen \u00a0f\u00fcr gute und ausgelassene Stimmung im Saal. Selbstverst\u00e4ndlich kam dabei auch seine Gitarre, die er immer dabei hat, zum Einsatz.\u00a0 Die im \u00a0Laufe des Nachmittags durchgef\u00fchrte Dosensammlung erbrachte zur gro\u00dfen Freude von Pater Edmund einen Betrag in H\u00f6he von ca. 600,00 \u20ac, der dem Kloster Clemenswerth zugutekommen soll. Pastor Horstmann kam in seiner Begr\u00fc\u00dfung auch auf \u00a0die verschobenen Neuwahlen zu sprechen und bedankte sich beim Vorstandsteam f\u00fcr die Bereitschaft, sich anl\u00e4sslich des im September n\u00e4chsten Jahres stattfindenden 100-j\u00e4hrigen Jubil\u00e4ums weiter zu engagieren. Die Frauen bedankten sich daf\u00fcr\u00a0 bei Irmgard Schlangen-Otten, Marie-Luise Br\u00fcmmer, Gertrud Janssen und Maria B\u00fcter mit anhaltendem Applaus und w\u00fcrdigten damit auch die bisher hervorragende Arbeit des Vorstandsteams. Allerdings werde es kein festes\u00a0 Programm bis zum Jubil\u00e4um geben, erw\u00e4hnte Horstmann und bat alle Frauen um Unterst\u00fctzung bei den Vorbereitungen f\u00fcr das Jubil\u00e4um. \u00a0Marie-Luise Br\u00fcmmer verwies derweil \u00a0auf den bevorstehenden Weihnachtsmarkt mit geplantem Verkauf von Neujahrskuchen und vergab Termine f\u00fcr das Backen. Sie bedankte sich bei Marliese Hevicke f\u00fcr deren\u00a0 unerm\u00fcdlichen Einsatz in der Untergruppe \u201eFl\u00fcchtlingshilfe\u201c. \u00a0Ferner ging sie mit einer sch\u00f6nen Meditation auf das Thema \u201eLicht in dunklen Tagen\u201c ein.<\/p>\n<p>Irmgard Schlangen-Otten bedankte sich bei den 30 Helferinnen und den Leiterinnen der vielen Untergruppen f\u00fcr die allzeit gute Unterst\u00fctzung und das tolle Miteinander und bei allen Frauen f\u00fcr das herzliche Entgegenkommen w\u00e4hrend ihrer Amtszeit. Sie hoffe, dass nach dem Jubil\u00e4um Frauen gefunden werden, die sich als neues Vorstands-Team weiterhin f\u00fcr das Fortbestehen der gro\u00dfen Frauengemeinschaft in S\u00f6gel engagieren.<\/p>\n<p>Text: Gisela Arling \/ Foto: Helmut Diers<\/p>\n<p><a href=\"https:\/\/www.forum-soegel.de\/information\/wp-content\/uploads\/2016\/12\/Generalversammlung-der-kfd-S\u00f6gel.jpg\"><img loading=\"lazy\" decoding=\"async\" class=\"alignnone size-medium wp-image-20352\" title=\"Generalversammlung der kfd S\u00f6gel\" src=\"https:\/\/www.forum-soegel.de\/information\/wp-content\/uploads\/2016\/12\/Generalversammlung-der-kfd-S\u00f6gel-300x200.jpg\" alt=\"\" width=\"300\" height=\"200\" srcset=\"https:\/\/www.forum-soegel.de\/information\/wp-content\/uploads\/2016\/12\/Generalversammlung-der-kfd-S\u00f6gel-300x200.jpg 300w, https:\/\/www.forum-soegel.de\/information\/wp-content\/uploads\/2016\/12\/Generalversammlung-der-kfd-S\u00f6gel.jpg 1024w\" sizes=\"auto, (max-width: 300px) 100vw, 300px\" \/><\/a><\/p>\n<p>&nbsp;<\/p>\n","protected":false},"excerpt":{"rendered":"Neuwahlen um ein Jahr verschoben S\u00f6gel &#8211; Mit ca. 200 Frauen war die diesj\u00e4hrige Generalversammlung der kfd S\u00f6gel im Clemenswerther Hof wieder sehr gut besucht. Nach der Begr\u00fc\u00dfung durch \u00a0Vorsitzende Irmgard Schlangen-Otten wurde der verstorbenen Mitglieder des vergangenen Jahres gedacht. Schriftf\u00fchrerin Gertrud Janssen erinnerte mit ihrem umfassenden T\u00e4tigkeitsbericht an die vielen Aktivit\u00e4ten, die im vergangenen [&hellip;]\n","protected":false},"author":2,"featured_media":0,"comment_status":"closed","ping_status":"closed","sticky":false,"template":"","format":"standard","meta":{"ngg_post_thumbnail":0,"footnotes":""},"categories":[868],"tags":[],"class_list":["post-20351","post","type-post","status-publish","format-standard","hentry","category-zwischen-himmel-und-erde"],"_links":{"self":[{"href":"https:\/\/www.forum-soegel.de\/information\/wp-json\/wp\/v2\/posts\/20351","targetHints":{"allow":["GET"]}}],"collection":[{"href":"https:\/\/www.forum-soegel.de\/information\/wp-json\/wp\/v2\/posts"}],"about":[{"href":"https:\/\/www.forum-soegel.de\/information\/wp-json\/wp\/v2\/types\/post"}],"author":[{"embeddable":true,"href":"https:\/\/www.forum-soegel.de\/information\/wp-json\/wp\/v2\/users\/2"}],"replies":[{"embeddable":true,"href":"https:\/\/www.forum-soegel.de\/information\/wp-json\/wp\/v2\/comments?post=20351"}],"version-history":[{"count":1,"href":"https:\/\/www.forum-soegel.de\/information\/wp-json\/wp\/v2\/posts\/20351\/revisions"}],"predecessor-version":[{"id":20353,"href":"https:\/\/www.forum-soegel.de\/information\/wp-json\/wp\/v2\/posts\/20351\/revisions\/20353"}],"wp:attachment":[{"href":"https:\/\/www.forum-soegel.de\/information\/wp-json\/wp\/v2\/media?parent=20351"}],"wp:term":[{"taxonomy":"category","embeddable":true,"href":"https:\/\/www.forum-soegel.de\/information\/wp-json\/wp\/v2\/categories?post=20351"},{"taxonomy":"post_tag","embeddable":true,"href":"https:\/\/www.forum-soegel.de\/information\/wp-json\/wp\/v2\/tags?post=20351"}],"curies":[{"name":"wp","href":"https:\/\/api.w.org\/{rel}","templated":true}]}}