{"id":20348,"date":"2016-12-25T18:54:20","date_gmt":"2016-12-25T17:54:20","guid":{"rendered":"https:\/\/www.forum-soegel.de\/information\/?p=20348"},"modified":"2016-12-25T18:54:20","modified_gmt":"2016-12-25T17:54:20","slug":"fur-eine-neue-kultur-der-sorge","status":"publish","type":"post","link":"https:\/\/www.forum-soegel.de\/information\/2016\/12\/fur-eine-neue-kultur-der-sorge\/","title":{"rendered":"F\u00fcr eine neue Kultur der Sorge"},"content":{"rendered":"<p>S\u00f6gel &#8211; Der S\u00f6geler Hospizverein hatte am Sonntag, dem 6. November 2016 zum traditionellen Benefizkonzert eingeladen. In diesem Jahr durfte er in der St. Jakobus Kirche in S\u00f6gel zu Gast sein, wo der\u00a0 Kirchenchor St. Jakobus unter der Leitung von Frauke Sparfeldt, derM\u00e4nnergesangsverein Harmonie unter der Leitung von Thomas Kramer, der Singkreis S\u00f6gel unter der Leitung von Frauke Sparfeldt (in Vertretung f\u00fcr Beatrix L\u00fcckmann-Langen) und die Kolpingskapelle unter der Leitung von Hans Hanekamp ihr K\u00f6nnen darboten und mit eigens einstudierten Liedern die Zuh\u00f6rer aufhorchen lie\u00dfen.<\/p>\n<p>Die Auswahl der Lieder, die von neuen geistlichen Lieder zum Mitsingen \u00fcber afroamerikanische Spirituals und franz\u00f6sische Chansons bis hin zu alten deutschen Abendliedern reichte, war in beeindruckender Weise auf den Anlass dieses Konzertes und die anregenden und nachdenklichen Texte abgestimmt und lassen diesen Abend noch lange nachklingen. Denn\u2026 \u201ewas wir heute ganz besonders brauchen, ist eine ganz neue Kultur der N\u00e4he, der Zuwendung und der Sorge f\u00fcr andere Menschen&#8220;, so hat es Michael Strodt, der Vorsitzende des Hospizvereins mit Nachdruck gesagt, eine Kultur, die deutlich mache, dass die Angewiesenheit auf die Hilfe Dritter nicht etwas sei, wof\u00fcr man sich sch\u00e4men m\u00fcsse, wof\u00fcr man sich rechtfertigen m\u00fcsse, sondern zum Menschsein selbst wesentlich dazugeh\u00f6re, so Strodt. Wie wichtig dieser ehrenamtliche und unentgeltliche Hospizdienst den Besuchern des Konzertes ist, wurde deutlich durch das beeindruckende Spendenergebnis von 1.239,54 \u20ac und einem US-Dollar.<\/p>\n<p><strong><em>Weitere Bilder unter: https:\/\/www.facebook.com\/SoegelerHospiz<\/em><\/strong><\/p>\n<p>Text\/Foto: Michael Strodt<\/p>\n<div id=\"attachment_20349\" style=\"width: 310px\" class=\"wp-caption alignnone\"><a href=\"https:\/\/www.forum-soegel.de\/information\/wp-content\/uploads\/2016\/12\/F\u00fcr-eine-neue-Kultur-der-Sorge.jpg\"><img loading=\"lazy\" decoding=\"async\" aria-describedby=\"caption-attachment-20349\" class=\"size-medium wp-image-20349\" title=\"F\u00fcr eine neue Kultur der Sorge\" src=\"https:\/\/www.forum-soegel.de\/information\/wp-content\/uploads\/2016\/12\/F\u00fcr-eine-neue-Kultur-der-Sorge-300x198.jpg\" alt=\"\" width=\"300\" height=\"198\" srcset=\"https:\/\/www.forum-soegel.de\/information\/wp-content\/uploads\/2016\/12\/F\u00fcr-eine-neue-Kultur-der-Sorge-300x198.jpg 300w, https:\/\/www.forum-soegel.de\/information\/wp-content\/uploads\/2016\/12\/F\u00fcr-eine-neue-Kultur-der-Sorge.jpg 1024w\" sizes=\"auto, (max-width: 300px) 100vw, 300px\" \/><\/a><p id=\"caption-attachment-20349\" class=\"wp-caption-text\">F\u00fcr das beeindruckende Benefiz-Konzert bedankte sich Michael Strodt bei Thomas Kramer und dem M\u00e4nnergesangsverein Harmonie, bei Hans Hanekamp und der Kolpingskapelle S\u00f6gel, bei Frauke Sparfeldt und dem Kirchenchor St. Jakobus, und Lena Rojahn und dem Singkreis S\u00f6gel.<\/p><\/div>\n","protected":false},"excerpt":{"rendered":"S\u00f6gel &#8211; Der S\u00f6geler Hospizverein hatte am Sonntag, dem 6. November 2016 zum traditionellen Benefizkonzert eingeladen. In diesem Jahr durfte er in der St. Jakobus Kirche in S\u00f6gel zu Gast sein, wo der\u00a0 Kirchenchor St. Jakobus unter der Leitung von Frauke Sparfeldt, derM\u00e4nnergesangsverein Harmonie unter der Leitung von Thomas Kramer, der Singkreis S\u00f6gel unter der [&hellip;]\n","protected":false},"author":2,"featured_media":0,"comment_status":"closed","ping_status":"closed","sticky":false,"template":"","format":"standard","meta":{"ngg_post_thumbnail":0,"footnotes":""},"categories":[868],"tags":[],"class_list":["post-20348","post","type-post","status-publish","format-standard","hentry","category-zwischen-himmel-und-erde"],"_links":{"self":[{"href":"https:\/\/www.forum-soegel.de\/information\/wp-json\/wp\/v2\/posts\/20348","targetHints":{"allow":["GET"]}}],"collection":[{"href":"https:\/\/www.forum-soegel.de\/information\/wp-json\/wp\/v2\/posts"}],"about":[{"href":"https:\/\/www.forum-soegel.de\/information\/wp-json\/wp\/v2\/types\/post"}],"author":[{"embeddable":true,"href":"https:\/\/www.forum-soegel.de\/information\/wp-json\/wp\/v2\/users\/2"}],"replies":[{"embeddable":true,"href":"https:\/\/www.forum-soegel.de\/information\/wp-json\/wp\/v2\/comments?post=20348"}],"version-history":[{"count":1,"href":"https:\/\/www.forum-soegel.de\/information\/wp-json\/wp\/v2\/posts\/20348\/revisions"}],"predecessor-version":[{"id":20350,"href":"https:\/\/www.forum-soegel.de\/information\/wp-json\/wp\/v2\/posts\/20348\/revisions\/20350"}],"wp:attachment":[{"href":"https:\/\/www.forum-soegel.de\/information\/wp-json\/wp\/v2\/media?parent=20348"}],"wp:term":[{"taxonomy":"category","embeddable":true,"href":"https:\/\/www.forum-soegel.de\/information\/wp-json\/wp\/v2\/categories?post=20348"},{"taxonomy":"post_tag","embeddable":true,"href":"https:\/\/www.forum-soegel.de\/information\/wp-json\/wp\/v2\/tags?post=20348"}],"curies":[{"name":"wp","href":"https:\/\/api.w.org\/{rel}","templated":true}]}}