{"id":20345,"date":"2016-12-25T18:52:52","date_gmt":"2016-12-25T17:52:52","guid":{"rendered":"https:\/\/www.forum-soegel.de\/information\/?p=20345"},"modified":"2016-12-25T18:52:52","modified_gmt":"2016-12-25T17:52:52","slug":"das-a-und-w-team-bringt-das-3000-mittagessen","status":"publish","type":"post","link":"https:\/\/www.forum-soegel.de\/information\/2016\/12\/das-a-und-w-team-bringt-das-3000-mittagessen\/","title":{"rendered":"Das A und W Team bringt das 3000. Mittagessen"},"content":{"rendered":"<p align=\"left\"><a href=\"https:\/\/www.forum-soegel.de\/information\/wp-content\/uploads\/2016\/12\/Das-A-und-W-Team-bringt-das-3000.-Mittagessen.jpg\"><img loading=\"lazy\" decoding=\"async\" class=\"alignleft size-medium wp-image-20346\" title=\"Das A und W Team bringt das 3000. Mittagessen\" src=\"https:\/\/www.forum-soegel.de\/information\/wp-content\/uploads\/2016\/12\/Das-A-und-W-Team-bringt-das-3000.-Mittagessen-300x196.jpg\" alt=\"\" width=\"300\" height=\"196\" srcset=\"https:\/\/www.forum-soegel.de\/information\/wp-content\/uploads\/2016\/12\/Das-A-und-W-Team-bringt-das-3000.-Mittagessen-300x196.jpg 300w, https:\/\/www.forum-soegel.de\/information\/wp-content\/uploads\/2016\/12\/Das-A-und-W-Team-bringt-das-3000.-Mittagessen.jpg 1024w\" sizes=\"auto, (max-width: 300px) 100vw, 300px\" \/><\/a>S\u00f6gel &#8211; Das A + W HoGa -Team rund um\u00a0 Uwe Weege und\u00a0 Claudia Babies ist f\u00fcr das Familienzentrum St. Jakobus seit 2004 ein verl\u00e4sslicher Partner. Das Mittagessen wird t\u00e4glich frisch gekocht und angeliefert. Die Kinder und Mitarbeiterinnen sind jeden Tag begeistert von der Vielfalt der Men\u00fcs.<\/p>\n<p align=\"left\">Auch vom\u00a0 A + W Biolandhof erh\u00e4lt das Familienzentrum frisches Gem\u00fcse f\u00fcr das Fr\u00fchst\u00fccksbuffet.<\/p>\n<p align=\"left\">Bei der Lieferung des 3000. Mittagessens \u00fcberraschten die Kinder das Team mit einem Pr\u00e4sentkorb. Die Leitung\u00a0 Irmgard Welling sagte in ihren Dankesworten: \u201eWenn es Euch nicht g\u00e4be, m\u00fcssten wir Euch erfinden.\u201c<\/p>\n<p align=\"left\">Text: Irmgard Welling \/ Foto: A + W<\/p>\n<p align=\"left\">\n","protected":false},"excerpt":{"rendered":"S\u00f6gel &#8211; Das A + W HoGa -Team rund um\u00a0 Uwe Weege und\u00a0 Claudia Babies ist f\u00fcr das Familienzentrum St. Jakobus seit 2004 ein verl\u00e4sslicher Partner. Das Mittagessen wird t\u00e4glich frisch gekocht und angeliefert. Die Kinder und Mitarbeiterinnen sind jeden Tag begeistert von der Vielfalt der Men\u00fcs. Auch vom\u00a0 A + W Biolandhof erh\u00e4lt das [&hellip;]\n","protected":false},"author":2,"featured_media":0,"comment_status":"closed","ping_status":"closed","sticky":false,"template":"","format":"standard","meta":{"ngg_post_thumbnail":0,"footnotes":""},"categories":[868],"tags":[],"class_list":["post-20345","post","type-post","status-publish","format-standard","hentry","category-zwischen-himmel-und-erde"],"_links":{"self":[{"href":"https:\/\/www.forum-soegel.de\/information\/wp-json\/wp\/v2\/posts\/20345","targetHints":{"allow":["GET"]}}],"collection":[{"href":"https:\/\/www.forum-soegel.de\/information\/wp-json\/wp\/v2\/posts"}],"about":[{"href":"https:\/\/www.forum-soegel.de\/information\/wp-json\/wp\/v2\/types\/post"}],"author":[{"embeddable":true,"href":"https:\/\/www.forum-soegel.de\/information\/wp-json\/wp\/v2\/users\/2"}],"replies":[{"embeddable":true,"href":"https:\/\/www.forum-soegel.de\/information\/wp-json\/wp\/v2\/comments?post=20345"}],"version-history":[{"count":1,"href":"https:\/\/www.forum-soegel.de\/information\/wp-json\/wp\/v2\/posts\/20345\/revisions"}],"predecessor-version":[{"id":20347,"href":"https:\/\/www.forum-soegel.de\/information\/wp-json\/wp\/v2\/posts\/20345\/revisions\/20347"}],"wp:attachment":[{"href":"https:\/\/www.forum-soegel.de\/information\/wp-json\/wp\/v2\/media?parent=20345"}],"wp:term":[{"taxonomy":"category","embeddable":true,"href":"https:\/\/www.forum-soegel.de\/information\/wp-json\/wp\/v2\/categories?post=20345"},{"taxonomy":"post_tag","embeddable":true,"href":"https:\/\/www.forum-soegel.de\/information\/wp-json\/wp\/v2\/tags?post=20345"}],"curies":[{"name":"wp","href":"https:\/\/api.w.org\/{rel}","templated":true}]}}