{"id":20341,"date":"2016-12-25T18:51:37","date_gmt":"2016-12-25T17:51:37","guid":{"rendered":"https:\/\/www.forum-soegel.de\/information\/?p=20341"},"modified":"2016-12-25T18:51:37","modified_gmt":"2016-12-25T17:51:37","slug":"celebration-gottestdienst-am-09-12-2016-in-der-ev-markuskirche-sogel","status":"publish","type":"post","link":"https:\/\/www.forum-soegel.de\/information\/2016\/12\/celebration-gottestdienst-am-09-12-2016-in-der-ev-markuskirche-sogel\/","title":{"rendered":"CELEBRATION-Gottestdienst am 09.12.2016 in der ev. Markuskirche S\u00f6gel"},"content":{"rendered":"<p><a href=\"https:\/\/www.forum-soegel.de\/information\/wp-content\/uploads\/2016\/12\/CELEBRATION-Gottestdienst-am-09.12.2016-in-der-ev.-Markuskirche-S\u00f6gel1.jpg\"><img loading=\"lazy\" decoding=\"async\" class=\"alignleft size-medium wp-image-20343\" title=\"CELEBRATION-Gottestdienst am 09.12.2016 in der ev. Markuskirche S\u00f6gel\" src=\"https:\/\/www.forum-soegel.de\/information\/wp-content\/uploads\/2016\/12\/CELEBRATION-Gottestdienst-am-09.12.2016-in-der-ev.-Markuskirche-S\u00f6gel1-300x212.jpg\" alt=\"\" width=\"300\" height=\"212\" srcset=\"https:\/\/www.forum-soegel.de\/information\/wp-content\/uploads\/2016\/12\/CELEBRATION-Gottestdienst-am-09.12.2016-in-der-ev.-Markuskirche-S\u00f6gel1-300x212.jpg 300w, https:\/\/www.forum-soegel.de\/information\/wp-content\/uploads\/2016\/12\/CELEBRATION-Gottestdienst-am-09.12.2016-in-der-ev.-Markuskirche-S\u00f6gel1.jpg 1024w\" sizes=\"auto, (max-width: 300px) 100vw, 300px\" \/><\/a>S\u00f6gel &#8211; Die Celebration am 9. Dezember um 19 Uhr geht nun in die 3. Runde. Wir freuen uns, dass das Celebration-Team mittlerweile weiter w\u00e4chst und immer mehr Mitmenschen anspricht, aktiv mitzufeiern, sei es am Celebration-Abend oder im Celebration-Team selber aktiv das Programm mitzugestalten.<\/p>\n<p>Vielleicht fragt sich der eine oder andere, was es denn mit dieser Celebration auf sich hat? Brauchen wir das \u00fcberhaupt? Das wird jeder f\u00fcr sich durchaus unterschiedlich beantworten d\u00fcrfen, was ich aus einigen Gespr\u00e4chen schon erfahren habe.<\/p>\n<p>Die Idee, eine Celebration mit der S\u00f6geler Gemeinde zu feiern, entstand nach Besuchen bei Verwandten in S\u00fcdtirol. Dort wird die Feier als Fest f\u00fcr Gott verstanden, als eine Party eben, auf Englisch \u201eCelebration\u201c genannt.<\/p>\n<p>Mit viel Musik zum Mitsingen und Mitmachen, leicht rockig, mit Schlagzeug, E &#8211; Bass und E-Gitarre, Synthesizer usw., meditativ, zum Versinken, mit viel Gef\u00fchl, Tanz, Gemeinschaft untereinander und mit Gott feiernd, Spa\u00df haben, zusammen Essen und sich zusammen freuen. \u201eSchade, dass wir das in S\u00f6gel nicht haben\u201d, meinte eines unserer Kinder, total begeistert und inspiriert. Meine Frau und ich dachten und f\u00fchlten ebenso. Das k\u00f6nnte doch auch andere Jugendliche ansprechen &#8211; und auch Erwachsene. Also war die Idee geboren, mit einer ersten eigenen Celebration in S\u00f6gel anzufangen. Der evangelische Pfarrer Matthias Voss und der Kirchenvorstand fanden es gut, wor\u00fcber wir sehr dankbar sind. Ich finde es sehr spannend, zu sehen, wie sich die Celebration auf S\u00f6geler Art entwickelt.<\/p>\n<p>Was d\u00fcrfen wir f\u00fcr die Celebration am 9. Dezember erwarten? Noch mehr Musik, ca. 7-8 Songs zum Mitsingen (der Songtext wird auf die Kirchenwand gebeamt), Tanzauff\u00fchrung zu einem christlichen Hip- Hop- St\u00fcck, mehr wird nicht verraten. Apropos Erwartung: Das ist das Thema der Celebration. Erwartung vom Leben, vom Glauben, von Gott und ganz allgemein. Nat\u00fcrlich wieder theologisch von Pfarrer Matthias Voss vorbereitet.<\/p>\n<p>Nach der Feier in der Kirche treffen wir uns zum Buffet im Katharina- von- Bora-Haus, also im ev. Gemeindehaus. Zum Buffet darf jeder was mitbringen. Zwecks Abstimmung bitten wir um Kontaktaufnahme mit Tanja Schepers unter der Telefonnummer 0173 5178227.<\/p>\n<p>Bei Fragen, Anregungen, allen weiteren Anliegen etc. k\u00f6nnt Ihr Kontakt aufnehmen mit Silke und Christian Helbich, Tel. 05952 &#8211; 903699. Wir wollen unsere Musikband nach und nach erweitern und denken momentan an einen E-Bassisten.<\/p>\n<p>Im Namen des Celebration-Teams freuen wir uns auf Euer Kommen!<\/p>\n<p>Text\/Foto: Christian Helbich<\/p>\n<p>&nbsp;<\/p>\n<p>&nbsp;<\/p>\n","protected":false},"excerpt":{"rendered":"S\u00f6gel &#8211; Die Celebration am 9. Dezember um 19 Uhr geht nun in die 3. Runde. Wir freuen uns, dass das Celebration-Team mittlerweile weiter w\u00e4chst und immer mehr Mitmenschen anspricht, aktiv mitzufeiern, sei es am Celebration-Abend oder im Celebration-Team selber aktiv das Programm mitzugestalten. Vielleicht fragt sich der eine oder andere, was es denn mit [&hellip;]\n","protected":false},"author":2,"featured_media":0,"comment_status":"closed","ping_status":"closed","sticky":false,"template":"","format":"standard","meta":{"ngg_post_thumbnail":0,"footnotes":""},"categories":[868],"tags":[],"class_list":["post-20341","post","type-post","status-publish","format-standard","hentry","category-zwischen-himmel-und-erde"],"_links":{"self":[{"href":"https:\/\/www.forum-soegel.de\/information\/wp-json\/wp\/v2\/posts\/20341","targetHints":{"allow":["GET"]}}],"collection":[{"href":"https:\/\/www.forum-soegel.de\/information\/wp-json\/wp\/v2\/posts"}],"about":[{"href":"https:\/\/www.forum-soegel.de\/information\/wp-json\/wp\/v2\/types\/post"}],"author":[{"embeddable":true,"href":"https:\/\/www.forum-soegel.de\/information\/wp-json\/wp\/v2\/users\/2"}],"replies":[{"embeddable":true,"href":"https:\/\/www.forum-soegel.de\/information\/wp-json\/wp\/v2\/comments?post=20341"}],"version-history":[{"count":1,"href":"https:\/\/www.forum-soegel.de\/information\/wp-json\/wp\/v2\/posts\/20341\/revisions"}],"predecessor-version":[{"id":20344,"href":"https:\/\/www.forum-soegel.de\/information\/wp-json\/wp\/v2\/posts\/20341\/revisions\/20344"}],"wp:attachment":[{"href":"https:\/\/www.forum-soegel.de\/information\/wp-json\/wp\/v2\/media?parent=20341"}],"wp:term":[{"taxonomy":"category","embeddable":true,"href":"https:\/\/www.forum-soegel.de\/information\/wp-json\/wp\/v2\/categories?post=20341"},{"taxonomy":"post_tag","embeddable":true,"href":"https:\/\/www.forum-soegel.de\/information\/wp-json\/wp\/v2\/tags?post=20341"}],"curies":[{"name":"wp","href":"https:\/\/api.w.org\/{rel}","templated":true}]}}