{"id":20338,"date":"2016-12-25T18:48:19","date_gmt":"2016-12-25T17:48:19","guid":{"rendered":"https:\/\/www.forum-soegel.de\/information\/?p=20338"},"modified":"2016-12-25T18:48:19","modified_gmt":"2016-12-25T17:48:19","slug":"buchausstellung-der-katholischen-offentlichen-bucherei-stavern-3","status":"publish","type":"post","link":"https:\/\/www.forum-soegel.de\/information\/2016\/12\/buchausstellung-der-katholischen-offentlichen-bucherei-stavern-3\/","title":{"rendered":"Buchausstellung der katholischen \u00f6ffentlichen B\u00fccherei Stavern"},"content":{"rendered":"<p>Stavern &#8211; Am Sonntag, dem 06. November, fand bei Kaffee und Kuchen die j\u00e4hrliche Buchausstellung im Jugendheim in Stavern statt. Die Mitarbeiterinnen der B\u00fccherei freuten sich \u00fcber zahlreiche Besucher. Diese konnten viele Neuerscheinungen und Bestseller aus den verschiedenen Bereichen Erwachsenenliteratur, Kinder- und Jugendb\u00fccher, Sachb\u00fccher, Kalender, religi\u00f6se B\u00fccher sowie weihnachtliche Literatur vor Ort ansehen und anschlie\u00dfend bestellen.<\/p>\n<p>F\u00fcr die Kinder wurde die M\u00f6glichkeit geboten, in der B\u00fccherei zu malen und sich so die Zeit bis zu einem besonderen Highlight zu vertreiben: der Verk\u00fcndung des neuen Lesek\u00f6nigs. In diesem Jahr sicherte sich Kilian Burke mit 38 Besuchen in der B\u00fccherei den ersten Platz von 42 teilnehmenden Kindern und Jugendlichen. Auf den zweiten Platz folgte Leander Burke vor Liesel und Hinnerk B\u00fcter, die sich Platz drei teilten.<\/p>\n<p>Parallel zur Buchausstellung fand auch in diesem Jahr wieder eine Spielzeugb\u00f6rse statt. Diese wurde ebenfalls sehr gut besucht und das Angebot somit gut erg\u00e4nzt.<\/p>\n<p>Allen Besuchern und K\u00e4ufern sagen die Mitarbeiterinnen der B\u00fccherei ein ganz herzliches \u201eDANKESCH\u00d6N.\u201c<\/p>\n<p>Text\/Foto: K\u00d6B Stavern<\/p>\n<p><a href=\"https:\/\/www.forum-soegel.de\/information\/wp-content\/uploads\/2016\/12\/Buchausstellung-der-katholischen-\u00f6ffentlichen-B\u00fccherei-Stavern.jpg\"><img loading=\"lazy\" decoding=\"async\" class=\"alignnone size-medium wp-image-20339\" title=\"Buchausstellung der katholischen \u00f6ffentlichen B\u00fccherei Stavern\" src=\"https:\/\/www.forum-soegel.de\/information\/wp-content\/uploads\/2016\/12\/Buchausstellung-der-katholischen-\u00f6ffentlichen-B\u00fccherei-Stavern-300x200.jpg\" alt=\"\" width=\"300\" height=\"200\" srcset=\"https:\/\/www.forum-soegel.de\/information\/wp-content\/uploads\/2016\/12\/Buchausstellung-der-katholischen-\u00f6ffentlichen-B\u00fccherei-Stavern-300x200.jpg 300w, https:\/\/www.forum-soegel.de\/information\/wp-content\/uploads\/2016\/12\/Buchausstellung-der-katholischen-\u00f6ffentlichen-B\u00fccherei-Stavern.jpg 1024w\" sizes=\"auto, (max-width: 300px) 100vw, 300px\" \/><\/a><\/p>\n","protected":false},"excerpt":{"rendered":"Stavern &#8211; Am Sonntag, dem 06. November, fand bei Kaffee und Kuchen die j\u00e4hrliche Buchausstellung im Jugendheim in Stavern statt. Die Mitarbeiterinnen der B\u00fccherei freuten sich \u00fcber zahlreiche Besucher. Diese konnten viele Neuerscheinungen und Bestseller aus den verschiedenen Bereichen Erwachsenenliteratur, Kinder- und Jugendb\u00fccher, Sachb\u00fccher, Kalender, religi\u00f6se B\u00fccher sowie weihnachtliche Literatur vor Ort ansehen und anschlie\u00dfend [&hellip;]\n","protected":false},"author":2,"featured_media":0,"comment_status":"closed","ping_status":"closed","sticky":false,"template":"","format":"standard","meta":{"ngg_post_thumbnail":0,"footnotes":""},"categories":[868],"tags":[],"class_list":["post-20338","post","type-post","status-publish","format-standard","hentry","category-zwischen-himmel-und-erde"],"_links":{"self":[{"href":"https:\/\/www.forum-soegel.de\/information\/wp-json\/wp\/v2\/posts\/20338","targetHints":{"allow":["GET"]}}],"collection":[{"href":"https:\/\/www.forum-soegel.de\/information\/wp-json\/wp\/v2\/posts"}],"about":[{"href":"https:\/\/www.forum-soegel.de\/information\/wp-json\/wp\/v2\/types\/post"}],"author":[{"embeddable":true,"href":"https:\/\/www.forum-soegel.de\/information\/wp-json\/wp\/v2\/users\/2"}],"replies":[{"embeddable":true,"href":"https:\/\/www.forum-soegel.de\/information\/wp-json\/wp\/v2\/comments?post=20338"}],"version-history":[{"count":1,"href":"https:\/\/www.forum-soegel.de\/information\/wp-json\/wp\/v2\/posts\/20338\/revisions"}],"predecessor-version":[{"id":20340,"href":"https:\/\/www.forum-soegel.de\/information\/wp-json\/wp\/v2\/posts\/20338\/revisions\/20340"}],"wp:attachment":[{"href":"https:\/\/www.forum-soegel.de\/information\/wp-json\/wp\/v2\/media?parent=20338"}],"wp:term":[{"taxonomy":"category","embeddable":true,"href":"https:\/\/www.forum-soegel.de\/information\/wp-json\/wp\/v2\/categories?post=20338"},{"taxonomy":"post_tag","embeddable":true,"href":"https:\/\/www.forum-soegel.de\/information\/wp-json\/wp\/v2\/tags?post=20338"}],"curies":[{"name":"wp","href":"https:\/\/api.w.org\/{rel}","templated":true}]}}