{"id":20333,"date":"2016-12-25T18:44:30","date_gmt":"2016-12-25T17:44:30","guid":{"rendered":"https:\/\/www.forum-soegel.de\/information\/?p=20333"},"modified":"2016-12-25T18:46:59","modified_gmt":"2016-12-25T17:46:59","slug":"volles-haus-im-haus-des-sports-beim-ksb-emsland","status":"publish","type":"post","link":"https:\/\/www.forum-soegel.de\/information\/2016\/12\/volles-haus-im-haus-des-sports-beim-ksb-emsland\/","title":{"rendered":"Volles Haus im Haus des Sports beim KSB Emsland"},"content":{"rendered":"<table border=\"0\" cellspacing=\"0\" cellpadding=\"0\">\n<tbody>\n<tr>\n<td valign=\"top\" width=\"618\">\n<p style=\"text-align: left;\" align=\"center\"><strong><em>Volles Haus im Haus des Sports beim KSB Emsland<\/em><\/strong><\/p>\n<p style=\"text-align: left;\" align=\"center\"><strong>Abendveranstaltung in S\u00f6gel \u201eVereine f\u00fcr Fl\u00fcchtlinge\u201c bringt die Vereine zusammen<\/strong><\/p>\n<p style=\"text-align: left;\"><strong>\u00a0<\/strong><\/p>\n<p>S\u00f6gel &#8211; Gemeinsam mit dem Landesportbund Niedersachsen lud der KSB Emsland die Vereine ein, sich unter Anleitung von Spezialisten zum Thema \u201eFl\u00fcchtlinge im Sport\u201c auszutauschen und Handlungsans\u00e4tze vorzustellen bzw. zu erarbeiten. \u201eLearning by doing\u201c ist in den engagierten Vereinen das Motto im Bereich Integration. Ein oder mehrere \u201eK\u00fcmmerer\u201c bringen die Sache ins Rollen. Die Wege der Fl\u00fcchtlinge zum Sport gehen meist \u00fcber K\u00f6nig Fu\u00dfball, aber auch Kampfsportarten, Tischtennis, Schach oder Nordic Walking bieten Anreize f\u00fcr sportliche Integration. Oft ist die Wahl der Sportart durch das Sportangebot im Heimatland der Fl\u00fcchtlinge gepr\u00e4gt.<\/p>\n<p>Nach einer Begr\u00fc\u00dfung durch die Gastgeber, vertreten durch Hermann Wilkens, KSB-Vizepr\u00e4sident f\u00fcr Sportentwicklung, und das LSB-Integrationsteam von Jennifer Osthus, ging Fachfrau Annegret Buchholz (ARAG Versicherung) zum Thema Versicherungen gleich in die Details. Ist der Weg zum Training versichert? Muss man Vereinsmitglied sein, um versichert zu sein, und viele andere Fragen wurden gekl\u00e4rt.<\/p>\n<p>Im zweiten Teil berichtete Philipp Karow, Projektkoordinator der Koordinierungsstelle des Stadtsportbundes Osnabr\u00fcck, was Sportvereine tun k\u00f6nnen, um Angebote aktiv f\u00fcr Fl\u00fcchtlinge und Asylsuchende zu \u00f6ffnen. Seine Empfehlung: 1. Unterst\u00fctzer im Verein suchen, um \u00dcberlastungen vorzubeugen, 2. KSB- bzw. LSB-Unterst\u00fctzungsprogramme nutzen und 3. Geduld haben und entspannt bleiben.<\/p>\n<p>Besonders wichtig war dann auch der dritte Teil des Abends, der Erfahrungsaustausch der teilnehmenden Vereine untereinander. Jennifer Osthus vom LSB gab zum Abschluss zusammen mit Tim Schmidt-Weichmann vom KSB Emsland eine \u00dcbersicht \u00fcber die bestehenden Beratungs- und F\u00f6rderm\u00f6glichkeiten. Alle emsl\u00e4ndischen Vereine sollten die M\u00f6glichkeiten nutzen, die das KSB-Team \u201eIntegration\u201c zur Unterst\u00fctzung anbietet. Die Abendveranstaltung machte allen klar, dass es der richtige Weg ist, Fl\u00fcchtlinge \u00fcber den Sport in das\u00a0 Vereinsleben zu integrieren<strong><\/strong><\/td>\n<\/tr>\n<\/tbody>\n<\/table>\n<p>Text\/Foto: Maren Sostmann<\/p>\n<div id=\"attachment_20334\" style=\"width: 310px\" class=\"wp-caption alignnone\"><a href=\"https:\/\/www.forum-soegel.de\/information\/wp-content\/uploads\/2016\/12\/Volles-Haus-im-Haus-des-Sports-beim-KSB-Emsland-IMG_7414_karow_AG3.jpg\"><img loading=\"lazy\" decoding=\"async\" aria-describedby=\"caption-attachment-20334\" class=\"size-medium wp-image-20334  \" src=\"https:\/\/www.forum-soegel.de\/information\/wp-content\/uploads\/2016\/12\/Volles-Haus-im-Haus-des-Sports-beim-KSB-Emsland-IMG_7414_karow_AG3-300x199.jpg\" alt=\"\" width=\"300\" height=\"199\" srcset=\"https:\/\/www.forum-soegel.de\/information\/wp-content\/uploads\/2016\/12\/Volles-Haus-im-Haus-des-Sports-beim-KSB-Emsland-IMG_7414_karow_AG3-300x199.jpg 300w, https:\/\/www.forum-soegel.de\/information\/wp-content\/uploads\/2016\/12\/Volles-Haus-im-Haus-des-Sports-beim-KSB-Emsland-IMG_7414_karow_AG3.jpg 1024w\" sizes=\"auto, (max-width: 300px) 100vw, 300px\" \/><\/a><p id=\"caption-attachment-20334\" class=\"wp-caption-text\">Erfahrungsaustausch in den Arbeitsgruppen<\/p><\/div>\n","protected":false},"excerpt":{"rendered":"Volles Haus im Haus des Sports beim KSB Emsland Abendveranstaltung in S\u00f6gel \u201eVereine f\u00fcr Fl\u00fcchtlinge\u201c bringt die Vereine zusammen \u00a0 S\u00f6gel &#8211; Gemeinsam mit dem Landesportbund Niedersachsen lud der KSB Emsland die Vereine ein, sich unter Anleitung von Spezialisten zum Thema \u201eFl\u00fcchtlinge im Sport\u201c auszutauschen und Handlungsans\u00e4tze vorzustellen bzw. zu erarbeiten. \u201eLearning by doing\u201c ist [&hellip;]\n","protected":false},"author":2,"featured_media":0,"comment_status":"closed","ping_status":"closed","sticky":false,"template":"","format":"standard","meta":{"ngg_post_thumbnail":0,"footnotes":""},"categories":[3],"tags":[],"class_list":["post-20333","post","type-post","status-publish","format-standard","hentry","category-aktuelles-aus-der-region"],"_links":{"self":[{"href":"https:\/\/www.forum-soegel.de\/information\/wp-json\/wp\/v2\/posts\/20333","targetHints":{"allow":["GET"]}}],"collection":[{"href":"https:\/\/www.forum-soegel.de\/information\/wp-json\/wp\/v2\/posts"}],"about":[{"href":"https:\/\/www.forum-soegel.de\/information\/wp-json\/wp\/v2\/types\/post"}],"author":[{"embeddable":true,"href":"https:\/\/www.forum-soegel.de\/information\/wp-json\/wp\/v2\/users\/2"}],"replies":[{"embeddable":true,"href":"https:\/\/www.forum-soegel.de\/information\/wp-json\/wp\/v2\/comments?post=20333"}],"version-history":[{"count":3,"href":"https:\/\/www.forum-soegel.de\/information\/wp-json\/wp\/v2\/posts\/20333\/revisions"}],"predecessor-version":[{"id":20337,"href":"https:\/\/www.forum-soegel.de\/information\/wp-json\/wp\/v2\/posts\/20333\/revisions\/20337"}],"wp:attachment":[{"href":"https:\/\/www.forum-soegel.de\/information\/wp-json\/wp\/v2\/media?parent=20333"}],"wp:term":[{"taxonomy":"category","embeddable":true,"href":"https:\/\/www.forum-soegel.de\/information\/wp-json\/wp\/v2\/categories?post=20333"},{"taxonomy":"post_tag","embeddable":true,"href":"https:\/\/www.forum-soegel.de\/information\/wp-json\/wp\/v2\/tags?post=20333"}],"curies":[{"name":"wp","href":"https:\/\/api.w.org\/{rel}","templated":true}]}}