{"id":20330,"date":"2016-12-25T18:41:51","date_gmt":"2016-12-25T17:41:51","guid":{"rendered":"https:\/\/www.forum-soegel.de\/information\/?p=20330"},"modified":"2016-12-25T18:41:51","modified_gmt":"2016-12-25T17:41:51","slug":"sogel-auf-dem-weg-zum-%e2%80%9efair-trade-town%e2%80%9c","status":"publish","type":"post","link":"https:\/\/www.forum-soegel.de\/information\/2016\/12\/sogel-auf-dem-weg-zum-%e2%80%9efair-trade-town%e2%80%9c\/","title":{"rendered":"S\u00f6gel auf dem Weg zum \u201eFair Trade Town\u201c"},"content":{"rendered":"<p>S\u00f6gel &#8211; Die S\u00f6geler Steuerungsgruppe der Kampagne \u201eFairtrade Towns\u201c hat mit dem \u00f6rtlichen B\u00fccher- und Schreibwarenladen \u201eL\u00fcbs\u201c ein weiteres Einzelhandelsgesch\u00e4ft aufgenommen und ist damit dem gesteckten Ziel einen Schritt n\u00e4her gekommen.<\/p>\n<p>Um den Titel der \u201eFaitrade Town\u201c zu erhalten, muss eine Kommune f\u00fcnf Kriterien erf\u00fcllen. Das Engagement f\u00fcr den fairen Handel soll in allen Ebenen der Kommune widergespiegelt werden. Daf\u00fcr muss ein Ratsbeschluss zur Unterst\u00fctzung des fairen Handels einhergehen, der in S\u00f6gel bereits im Fr\u00fchjahr 2015 erwirkt wurde. Weiterhin ist die Gr\u00fcndung einer Steuerungsgruppe erforderlich, die auf dem Weg zur Fairtrade Town die Aktivit\u00e4ten vor Ort koordiniert. Die Steuerungsgruppe besteht aus Vertretern aus Politik, Wirtschaft, Schulen, Verb\u00e4nden und Vereinen. Hierf\u00fcr schlossen sich B\u00fcrgermeisterin Irmgard Welling, Lehrerin Diana Schmitz, Unternehmerin Claudia L\u00fcbs, Vereinsmitglied Claudia Grote und Karsta Roscher zusammen. Das dritte Kriterium verlangt mindestens zwei Produkte aus fairem Handel in den lokalen Einzelhandelsgesch\u00e4ften, Caf\u00e9s und Restaurants, sowie bei den Floristen. \u201eWir k\u00f6nnen besonders stolz darauf sein, was wir in diesem Bereich bereits erreicht haben. Das Sportgesch\u00e4ft \u201eSportika\u201c bietet fair gehandelte Fu\u00dfb\u00e4lle an, das \u201eCaf\u00e9 am Amtsbrunnen\u201c Kaffee und Tee, das Restaurant \u201eMontenegro\u201c schenkt auf Nachfrage Fairtrade- Wein aus und das Blumengesch\u00e4ft Herm\u00fchlen verkauft auf Bestellung fair gehandelte Rosen\u201c, fasst Schmitz zusammen.<br \/>\nDer neu gewonnene B\u00fccher- und Schreibwarenladen \u201eL\u00fcbs\u201c pr\u00e4sentiert sich mit fair gehandelten Gebetsw\u00fcrfeln, traditionellen Schoko-Nikol\u00e4usen und Handschmeichlern. Auch die Schreibhefte der Marke \u201eBrunnen\u201c sind alle fair gehandelt. \u201eIn Zukunft werde ich st\u00e4ndig wechselnde Fairtrade- Produkte in meinem Sortiment anbieten\u201c, erkl\u00e4rt Inhaberin Claudia L\u00fcbs.<br \/>\nMit dem Weltladen in S\u00f6gel ist ein weiterer Bestandteil erf\u00fcllt, um den Titel zu holen. Dieser verkauft ausschlie\u00dflich fair gehandelte Produkte. Er existiert seit \u00fcber 25 Jahren und wurde k\u00fcrzlich renoviert. \u201eAuch bei uns lohnt es sich, nach Weihnachtsgeschenken zu schauen\u201c, erz\u00e4hlt Claudia Grote, ehrenamtliche Mitarbeiterin des Weltladens.<br \/>\nZudem m\u00fcssen die Produkte in \u00f6ffentlichen Einrichtungen verwendet werden. Hierzu z\u00e4hlen laut Schmitz mittlerweile die Katholische Erwachsenenbildung (KEB), Katholische Frauengemeinschaft Deutschland (kfd), die Kinder- und Jugendhilfe H\u00fcmmling, die Jugendbildungsst\u00e4tte Marstall Clemenswerth, der Heimatverein, das\u00a0 H\u00fcmmling-Gymnasium sowie das Rathaus. Diese Einrichtungen verwenden f\u00fcr Sitzungen und Veranstaltungen lediglich fair gehandelten Kaffee.<\/p>\n<p>Die Steuerungsgruppe hat sich vorgenommen, ein Emblem zu entwickeln, welches k\u00fcnftig sichtbar f\u00fcr Kunden an den Gesch\u00e4ften mit \u201eFairtrade\u201c-Produkten h\u00e4ngen soll. \u201eWir hoffen auf eine positive R\u00fcckmeldung unseres Engagements, an dem sich jeder beteiligen kann. F\u00fcr Interessierte unserer Arbeit haben wir die Facebook Seite \u201eFairtrade f\u00fcr S\u00f6gel\u201c eingerichtet\u201c, inseriert Schmitz.<\/p>\n<p>Die Initiative \u201eFairtrade Towns\u201c wurde 2015 in S\u00f6gel ins Leben gerufen. Damals hielt der Kinderrechtsexperte Benjamin P\u00fctter vom Misereor Hilfswerk in der Aula des H\u00fcmmling Gymnasiums einen Vortrag \u00fcber die Kinderarbeit im \u201eglobalen S\u00fcden\u201c. Zum globalen S\u00fcden z\u00e4hlen die Entwicklungs- und Schwellenl\u00e4nder. Da die Eltern der Kindert dort keine gerechten L\u00f6hne verdienen, m\u00fcssen diese selbst arbeiten, um die Schule zu finanzieren. \u201eDurch diesen bewegenden Vortrag f\u00fchlte ich mich angesprochen und wusste, dass wir etwas unternehmen m\u00fcssen\u201c, erinnert sich B\u00fcrgermeisterin Irmgard Welling.<\/p>\n<p>Text\/Foto: Marina Heller<\/p>\n<p><a href=\"https:\/\/www.forum-soegel.de\/information\/wp-content\/uploads\/2016\/12\/S\u00f6gel-auf-dem-Weg-zum-\u201eFair-Trade-Town\u201c.jpg\"><img loading=\"lazy\" decoding=\"async\" class=\"alignnone size-medium wp-image-20331\" title=\"S\u00f6gel auf dem Weg zum \u201eFair Trade Town\u201c\" src=\"https:\/\/www.forum-soegel.de\/information\/wp-content\/uploads\/2016\/12\/S\u00f6gel-auf-dem-Weg-zum-\u201eFair-Trade-Town\u201c-300x225.jpg\" alt=\"\" width=\"300\" height=\"225\" srcset=\"https:\/\/www.forum-soegel.de\/information\/wp-content\/uploads\/2016\/12\/S\u00f6gel-auf-dem-Weg-zum-\u201eFair-Trade-Town\u201c-300x225.jpg 300w, https:\/\/www.forum-soegel.de\/information\/wp-content\/uploads\/2016\/12\/S\u00f6gel-auf-dem-Weg-zum-\u201eFair-Trade-Town\u201c.jpg 1024w\" sizes=\"auto, (max-width: 300px) 100vw, 300px\" \/><\/a><\/p>\n<p>&nbsp;<\/p>\n<p>&nbsp;<\/p>\n","protected":false},"excerpt":{"rendered":"S\u00f6gel &#8211; Die S\u00f6geler Steuerungsgruppe der Kampagne \u201eFairtrade Towns\u201c hat mit dem \u00f6rtlichen B\u00fccher- und Schreibwarenladen \u201eL\u00fcbs\u201c ein weiteres Einzelhandelsgesch\u00e4ft aufgenommen und ist damit dem gesteckten Ziel einen Schritt n\u00e4her gekommen. Um den Titel der \u201eFaitrade Town\u201c zu erhalten, muss eine Kommune f\u00fcnf Kriterien erf\u00fcllen. Das Engagement f\u00fcr den fairen Handel soll in allen Ebenen [&hellip;]\n","protected":false},"author":2,"featured_media":0,"comment_status":"closed","ping_status":"closed","sticky":false,"template":"","format":"standard","meta":{"ngg_post_thumbnail":0,"footnotes":""},"categories":[3],"tags":[],"class_list":["post-20330","post","type-post","status-publish","format-standard","hentry","category-aktuelles-aus-der-region"],"_links":{"self":[{"href":"https:\/\/www.forum-soegel.de\/information\/wp-json\/wp\/v2\/posts\/20330","targetHints":{"allow":["GET"]}}],"collection":[{"href":"https:\/\/www.forum-soegel.de\/information\/wp-json\/wp\/v2\/posts"}],"about":[{"href":"https:\/\/www.forum-soegel.de\/information\/wp-json\/wp\/v2\/types\/post"}],"author":[{"embeddable":true,"href":"https:\/\/www.forum-soegel.de\/information\/wp-json\/wp\/v2\/users\/2"}],"replies":[{"embeddable":true,"href":"https:\/\/www.forum-soegel.de\/information\/wp-json\/wp\/v2\/comments?post=20330"}],"version-history":[{"count":1,"href":"https:\/\/www.forum-soegel.de\/information\/wp-json\/wp\/v2\/posts\/20330\/revisions"}],"predecessor-version":[{"id":20332,"href":"https:\/\/www.forum-soegel.de\/information\/wp-json\/wp\/v2\/posts\/20330\/revisions\/20332"}],"wp:attachment":[{"href":"https:\/\/www.forum-soegel.de\/information\/wp-json\/wp\/v2\/media?parent=20330"}],"wp:term":[{"taxonomy":"category","embeddable":true,"href":"https:\/\/www.forum-soegel.de\/information\/wp-json\/wp\/v2\/categories?post=20330"},{"taxonomy":"post_tag","embeddable":true,"href":"https:\/\/www.forum-soegel.de\/information\/wp-json\/wp\/v2\/tags?post=20330"}],"curies":[{"name":"wp","href":"https:\/\/api.w.org\/{rel}","templated":true}]}}