{"id":20327,"date":"2016-12-25T18:40:45","date_gmt":"2016-12-25T17:40:45","guid":{"rendered":"https:\/\/www.forum-soegel.de\/information\/?p=20327"},"modified":"2016-12-25T18:40:45","modified_gmt":"2016-12-25T17:40:45","slug":"simone-borgmann-ist-neue-burgermeisterin-in-huven","status":"publish","type":"post","link":"https:\/\/www.forum-soegel.de\/information\/2016\/12\/simone-borgmann-ist-neue-burgermeisterin-in-huven\/","title":{"rendered":"Simone Borgmann ist neue B\u00fcrgermeisterin in H\u00fcven"},"content":{"rendered":"<p>H\u00fcven &#8211; Einstimmig hat der neue H\u00fcvener Gemeinderat Simone Borgmann (CDU) zur neuen B\u00fcrgermeisterin gew\u00e4hlt. Zu ihren Stellvertretern wurden auf der konstituierenden Sitzung Alfons Kohne (CDU) und Hermann Brinker (CDU) gew\u00e4hlt.<\/p>\n<p>\u201eIch freue mich, dass das Ergebnis sogar einstimmig ausgefallen ist\u201c, sagt Borgmann zu ihrer Wahl. \u201eWir haben in den letzten Jahren schon viele Dinge angesto\u00dfen und werden auch in Zukunft viel bewegen.\u201c Borgmann tritt damit die Nachfolge von Hedwig Fust-Sanders an, die nach zehn Jahren im Amt Ende Oktober feierlich verabschiedet worden ist.<\/p>\n<p>Bereits seit 27 Jahren ist Alfons Kohne im Gemeinderat H\u00fcven und wird als stellvertretender B\u00fcrgermeister nun seine letzte Amtsperiode antreten. \u201eF\u00fcnf Jahre mache ich noch, aber dann ist es auch Zeit, j\u00fcngere Leute in den Rat zu holen\u201c, so Kohne. Zusammen wollen sie mit Hermann Brinker und den restlichen Ratsmitgliedern auf Augenh\u00f6he die anstehenden Projekte angehen und umsetzen. Alle neun Sitze im Rat werden von der CDU gehalten.<\/p>\n<p>Alte Schule soll zu Mehrgenerationenhaus werden<\/p>\n<p>Auf der Agenda steht laut B\u00fcrgermeisterin Borgmann der Umbau der alten Schule zu einem Mehrgenerationenhaus. Durch F\u00f6rdermittel aus dem Programm f\u00fcr \u201ekleine St\u00e4dte und Gemeinden\u201c w\u00fcrde H\u00fcven sogar eine Anteilsfinanzierung von zwei Drittel erhalten. Mit den Bauma\u00dfnahmen soll Anfang des n\u00e4chsten Jahres begonnen werden. Auch der Breitbandausbau soll in H\u00fcven weit oben auf dem Aufgabenzettel stehen. Dar\u00fcber hinaus hat es sich der Rat zur Aufgabe gemacht, in der kommenden Zeit die in Gemeindeeigentum befindlichen Geb\u00e4ude energetisch \u00fcberpr\u00fcfen zu lassen und Sanierungsma\u00dfnahmen durchzuf\u00fchren. \u201eAuch das Thema Stra\u00dfenbau begleitet uns st\u00e4ndig\u201c, erkl\u00e4rt die B\u00fcrgermeisterin. Zudem soll nach vielen Jahren wieder ein Arbeitskreis \u201eZukunft\u201c gebildet werden, der dem Rat Ideen und Vorschl\u00e4ge vorstellen kann.<\/p>\n<p>Zust\u00e4ndigkeiten vergeben<\/p>\n<p>Insgesamt sieben Fachaussch\u00fcsse hat der Gemeinderat auf der konstituierenden Sitzung gebildet. B\u00fcrgermeisterin Borgmann ist f\u00fcr den Ausschuss Familie zust\u00e4ndig, f\u00fcr die Jugend Friederike Sanders. Vorsitzender f\u00fcr den Stra\u00dfen- und Wegebau ist Christian Sandmann. Alfons Kohne k\u00fcmmert sich laut Borgmann um die Aussch\u00fcsse Vereine und Geb\u00e4udemanagement. Martin Eilers, Bernd Osterkamp, Aloys Ull und Hermann Brinker sind f\u00fcr den Ausschuss Landwirtschaft und Forst die Ansprechpartner. Den Ausschuss Pflege und Instandhaltung verantworten Hermann Brinker und Richard Willoh.<\/p>\n<p>Text: Jennifer Kemper, Ems-Zeitung \/ Foto: Ingrid Cloppenburg, Samtgemeinde S\u00f6gel<\/p>\n<p><a href=\"https:\/\/www.forum-soegel.de\/information\/wp-content\/uploads\/2016\/12\/Simone-Borgmann-ist-neue-B\u00fcrgermeisterin-in-H\u00fcven.jpg\"><img loading=\"lazy\" decoding=\"async\" class=\"alignnone size-medium wp-image-20328\" title=\"Simone Borgmann ist neue B\u00fcrgermeisterin in H\u00fcven\" src=\"https:\/\/www.forum-soegel.de\/information\/wp-content\/uploads\/2016\/12\/Simone-Borgmann-ist-neue-B\u00fcrgermeisterin-in-H\u00fcven-300x225.jpg\" alt=\"\" width=\"300\" height=\"225\" srcset=\"https:\/\/www.forum-soegel.de\/information\/wp-content\/uploads\/2016\/12\/Simone-Borgmann-ist-neue-B\u00fcrgermeisterin-in-H\u00fcven-300x225.jpg 300w, https:\/\/www.forum-soegel.de\/information\/wp-content\/uploads\/2016\/12\/Simone-Borgmann-ist-neue-B\u00fcrgermeisterin-in-H\u00fcven.jpg 1024w\" sizes=\"auto, (max-width: 300px) 100vw, 300px\" \/><\/a><\/p>\n","protected":false},"excerpt":{"rendered":"H\u00fcven &#8211; Einstimmig hat der neue H\u00fcvener Gemeinderat Simone Borgmann (CDU) zur neuen B\u00fcrgermeisterin gew\u00e4hlt. Zu ihren Stellvertretern wurden auf der konstituierenden Sitzung Alfons Kohne (CDU) und Hermann Brinker (CDU) gew\u00e4hlt. \u201eIch freue mich, dass das Ergebnis sogar einstimmig ausgefallen ist\u201c, sagt Borgmann zu ihrer Wahl. \u201eWir haben in den letzten Jahren schon viele Dinge [&hellip;]\n","protected":false},"author":2,"featured_media":0,"comment_status":"closed","ping_status":"closed","sticky":false,"template":"","format":"standard","meta":{"ngg_post_thumbnail":0,"footnotes":""},"categories":[3],"tags":[],"class_list":["post-20327","post","type-post","status-publish","format-standard","hentry","category-aktuelles-aus-der-region"],"_links":{"self":[{"href":"https:\/\/www.forum-soegel.de\/information\/wp-json\/wp\/v2\/posts\/20327","targetHints":{"allow":["GET"]}}],"collection":[{"href":"https:\/\/www.forum-soegel.de\/information\/wp-json\/wp\/v2\/posts"}],"about":[{"href":"https:\/\/www.forum-soegel.de\/information\/wp-json\/wp\/v2\/types\/post"}],"author":[{"embeddable":true,"href":"https:\/\/www.forum-soegel.de\/information\/wp-json\/wp\/v2\/users\/2"}],"replies":[{"embeddable":true,"href":"https:\/\/www.forum-soegel.de\/information\/wp-json\/wp\/v2\/comments?post=20327"}],"version-history":[{"count":1,"href":"https:\/\/www.forum-soegel.de\/information\/wp-json\/wp\/v2\/posts\/20327\/revisions"}],"predecessor-version":[{"id":20329,"href":"https:\/\/www.forum-soegel.de\/information\/wp-json\/wp\/v2\/posts\/20327\/revisions\/20329"}],"wp:attachment":[{"href":"https:\/\/www.forum-soegel.de\/information\/wp-json\/wp\/v2\/media?parent=20327"}],"wp:term":[{"taxonomy":"category","embeddable":true,"href":"https:\/\/www.forum-soegel.de\/information\/wp-json\/wp\/v2\/categories?post=20327"},{"taxonomy":"post_tag","embeddable":true,"href":"https:\/\/www.forum-soegel.de\/information\/wp-json\/wp\/v2\/tags?post=20327"}],"curies":[{"name":"wp","href":"https:\/\/api.w.org\/{rel}","templated":true}]}}