{"id":20325,"date":"2016-12-25T18:39:38","date_gmt":"2016-12-25T17:39:38","guid":{"rendered":"https:\/\/www.forum-soegel.de\/information\/?p=20325"},"modified":"2016-12-25T18:39:38","modified_gmt":"2016-12-25T17:39:38","slug":"premiere-auf-dem-hummlinger-pilgerweg","status":"publish","type":"post","link":"https:\/\/www.forum-soegel.de\/information\/2016\/12\/premiere-auf-dem-hummlinger-pilgerweg\/","title":{"rendered":"Premiere auf dem H\u00fcmmlinger Pilgerweg"},"content":{"rendered":"<p>S\u00f6gel &#8211; Offiziell endete die Pilgersaison auf dem H\u00fcmmlinger Pilgerweg im Oktober mit dem traditionellen Abpilgern.<\/p>\n<p>Dieses Jahr bietet der H\u00fcmmlinger Pilgerweg e.V. eine neue Veranstaltung zur Weihnachtszeit an.\u00a0 Unter dem Motto \u201ePilgern im Advent- Die gro\u00dfe Sehnsucht nach dem Licht\u201c, m\u00f6chte der Verein in Zusammenarbeit mit der ev. lutherischen Martin-Luther Kirche und der St. Johannes Kirche in Esterwegen alle Interessierten einladen, ein St\u00fcck des Pilgerweges zu laufen und etwas Licht in die dunkle Jahreszeit zu bringen.<\/p>\n<p>Gemeinsam starten wir am Samstag, dem 17. Dezember 2016 um 15.00 Uhr bei der ev. lutherischen Martin-Luther Kirche in Esterwegen. Die Wegstrecke f\u00fchrt \u00fcber Teilstrecken des Pilgerweges, durch den Ort und den Esterweger Busch zur St. Johannes Kirche.<\/p>\n<p>Vorher gibt es einen kleinen Zwischenstopp beim Max-Kolbe-Haus, wo Sie die Gelegenheit haben, sich mit hei\u00dfen Getr\u00e4nken aufzuw\u00e4rmen, bevor um 17.00 Uhr gemeinschaftlich ein Gottesdienst in der St. Johannes Kirche gefeiert wird.<\/p>\n<p>Da das diesj\u00e4hrige Pilgern im Advent unter dem Motto \u201eLicht\u201c steht, bittet der Verein darum, Laternen\/Lichter mitzubringen, welche den Weg begleiten und erhellen werden. Kinder sind ebenfalls herzlich eingeladen.<\/p>\n<p>Eine Anmeldung zu dieser kostenlosen Veranstaltung ist nicht erforderlich.<\/p>\n<p>Text: Heidrun Langen \/ H\u00fcmmlinger Pilgerweg e.V.<\/p>\n<p>&nbsp;<\/p>\n<p>&nbsp;<\/p>\n","protected":false},"excerpt":{"rendered":"S\u00f6gel &#8211; Offiziell endete die Pilgersaison auf dem H\u00fcmmlinger Pilgerweg im Oktober mit dem traditionellen Abpilgern. Dieses Jahr bietet der H\u00fcmmlinger Pilgerweg e.V. eine neue Veranstaltung zur Weihnachtszeit an.\u00a0 Unter dem Motto \u201ePilgern im Advent- Die gro\u00dfe Sehnsucht nach dem Licht\u201c, m\u00f6chte der Verein in Zusammenarbeit mit der ev. lutherischen Martin-Luther Kirche und der St. [&hellip;]\n","protected":false},"author":2,"featured_media":0,"comment_status":"closed","ping_status":"closed","sticky":false,"template":"","format":"standard","meta":{"ngg_post_thumbnail":0,"footnotes":""},"categories":[3],"tags":[],"class_list":["post-20325","post","type-post","status-publish","format-standard","hentry","category-aktuelles-aus-der-region"],"_links":{"self":[{"href":"https:\/\/www.forum-soegel.de\/information\/wp-json\/wp\/v2\/posts\/20325","targetHints":{"allow":["GET"]}}],"collection":[{"href":"https:\/\/www.forum-soegel.de\/information\/wp-json\/wp\/v2\/posts"}],"about":[{"href":"https:\/\/www.forum-soegel.de\/information\/wp-json\/wp\/v2\/types\/post"}],"author":[{"embeddable":true,"href":"https:\/\/www.forum-soegel.de\/information\/wp-json\/wp\/v2\/users\/2"}],"replies":[{"embeddable":true,"href":"https:\/\/www.forum-soegel.de\/information\/wp-json\/wp\/v2\/comments?post=20325"}],"version-history":[{"count":1,"href":"https:\/\/www.forum-soegel.de\/information\/wp-json\/wp\/v2\/posts\/20325\/revisions"}],"predecessor-version":[{"id":20326,"href":"https:\/\/www.forum-soegel.de\/information\/wp-json\/wp\/v2\/posts\/20325\/revisions\/20326"}],"wp:attachment":[{"href":"https:\/\/www.forum-soegel.de\/information\/wp-json\/wp\/v2\/media?parent=20325"}],"wp:term":[{"taxonomy":"category","embeddable":true,"href":"https:\/\/www.forum-soegel.de\/information\/wp-json\/wp\/v2\/categories?post=20325"},{"taxonomy":"post_tag","embeddable":true,"href":"https:\/\/www.forum-soegel.de\/information\/wp-json\/wp\/v2\/tags?post=20325"}],"curies":[{"name":"wp","href":"https:\/\/api.w.org\/{rel}","templated":true}]}}