{"id":20322,"date":"2016-12-25T18:38:27","date_gmt":"2016-12-25T17:38:27","guid":{"rendered":"https:\/\/www.forum-soegel.de\/information\/?p=20322"},"modified":"2016-12-25T18:38:27","modified_gmt":"2016-12-25T17:38:27","slug":"neuer-standort-fur-den-dukatenesel","status":"publish","type":"post","link":"https:\/\/www.forum-soegel.de\/information\/2016\/12\/neuer-standort-fur-den-dukatenesel\/","title":{"rendered":"Neuer Standort f\u00fcr den Dukatenesel"},"content":{"rendered":"<p><a href=\"https:\/\/www.forum-soegel.de\/information\/wp-content\/uploads\/2016\/12\/Neuer-Standort-f\u00fcr-den-Dukatenesel.jpg\"><img loading=\"lazy\" decoding=\"async\" class=\"alignleft size-medium wp-image-20323\" title=\"Neuer Standort f\u00fcr den Dukatenesel\" src=\"https:\/\/www.forum-soegel.de\/information\/wp-content\/uploads\/2016\/12\/Neuer-Standort-f\u00fcr-den-Dukatenesel-300x225.jpg\" alt=\"\" width=\"300\" height=\"225\" srcset=\"https:\/\/www.forum-soegel.de\/information\/wp-content\/uploads\/2016\/12\/Neuer-Standort-f\u00fcr-den-Dukatenesel-300x225.jpg 300w, https:\/\/www.forum-soegel.de\/information\/wp-content\/uploads\/2016\/12\/Neuer-Standort-f\u00fcr-den-Dukatenesel.jpg 1024w\" sizes=\"auto, (max-width: 300px) 100vw, 300px\" \/><\/a>S\u00f6gel &#8211; Die F\u00fcrsprecher des Dukatenesels vom ehemaligen Marktplatz k\u00f6nnen sich freuen: Der Esel hat einen neuen Platz in der Ortsmitte gefunden \u2013 wenn auch erst vor\u00fcbergehend.<\/p>\n<p>Der ehemalige Eselsbrunnen im Bereich des ersten Marktplatzes ist vor mehreren Jahren mit der Aufnahme der Baut\u00e4tigkeiten im Rahmen der Ortskernsanierung abmontiert worden. Die Eselsfigur ist seinerzeit auf dem Bauhof der Gemeinde S\u00f6gel eingelagert worden. In der Vergangenheit ist immer wieder der Wunsch an die Gemeinde herangetragen worden, den Esel wieder aufzustellen und somit ins Ortsbild zur\u00fcckzubringen. Vor einiger Zeit ist bereits ein Aufruf an die Bev\u00f6lkerung ergangen mit der Bitte, einen geeigneten Standort innerhalb der Gemeinde S\u00f6gel f\u00fcr den Esel vorzuschlagen. Es ist eine Vielzahl von Vorschl\u00e4gen eingegangen, die allerdings nicht den Zuspruch im Gemeinderat gefunden haben. Mehrheitlich wurde nun vom Gemeinderat beschlossen, den Esel zun\u00e4chst \u201eauf Probe\u201c am Standort \u201eAltes Rathaus\u201c aufzustellen.<\/p>\n<p>Gro\u00dfen Zuspruch \u00fcber diesen Standort bekamen die Bauhofsmitarbeiter bereits beim Aufbau der Eselsfigur. Anneliese V\u00f6lker (links) und Anni Kohnen freuten sich sehr \u00fcber das \u201eWiederauftauchen\u201c des Esels. F\u00fcr viele B\u00fcrger der Gemeinde S\u00f6gel geh\u00f6rt der Esel einfach zum Ortsbild dazu.<\/p>\n<p>&nbsp;<\/p>\n<p>Text: Ingrid Cloppenburg \/ Foto: Gemeinde S\u00f6gel<\/p>\n<p>&nbsp;<\/p>\n<p>&nbsp;<\/p>\n<p>&nbsp;<\/p>\n<p>&nbsp;<\/p>\n","protected":false},"excerpt":{"rendered":"S\u00f6gel &#8211; Die F\u00fcrsprecher des Dukatenesels vom ehemaligen Marktplatz k\u00f6nnen sich freuen: Der Esel hat einen neuen Platz in der Ortsmitte gefunden \u2013 wenn auch erst vor\u00fcbergehend. Der ehemalige Eselsbrunnen im Bereich des ersten Marktplatzes ist vor mehreren Jahren mit der Aufnahme der Baut\u00e4tigkeiten im Rahmen der Ortskernsanierung abmontiert worden. Die Eselsfigur ist seinerzeit auf [&hellip;]\n","protected":false},"author":2,"featured_media":0,"comment_status":"closed","ping_status":"closed","sticky":false,"template":"","format":"standard","meta":{"ngg_post_thumbnail":0,"footnotes":""},"categories":[3],"tags":[],"class_list":["post-20322","post","type-post","status-publish","format-standard","hentry","category-aktuelles-aus-der-region"],"_links":{"self":[{"href":"https:\/\/www.forum-soegel.de\/information\/wp-json\/wp\/v2\/posts\/20322","targetHints":{"allow":["GET"]}}],"collection":[{"href":"https:\/\/www.forum-soegel.de\/information\/wp-json\/wp\/v2\/posts"}],"about":[{"href":"https:\/\/www.forum-soegel.de\/information\/wp-json\/wp\/v2\/types\/post"}],"author":[{"embeddable":true,"href":"https:\/\/www.forum-soegel.de\/information\/wp-json\/wp\/v2\/users\/2"}],"replies":[{"embeddable":true,"href":"https:\/\/www.forum-soegel.de\/information\/wp-json\/wp\/v2\/comments?post=20322"}],"version-history":[{"count":1,"href":"https:\/\/www.forum-soegel.de\/information\/wp-json\/wp\/v2\/posts\/20322\/revisions"}],"predecessor-version":[{"id":20324,"href":"https:\/\/www.forum-soegel.de\/information\/wp-json\/wp\/v2\/posts\/20322\/revisions\/20324"}],"wp:attachment":[{"href":"https:\/\/www.forum-soegel.de\/information\/wp-json\/wp\/v2\/media?parent=20322"}],"wp:term":[{"taxonomy":"category","embeddable":true,"href":"https:\/\/www.forum-soegel.de\/information\/wp-json\/wp\/v2\/categories?post=20322"},{"taxonomy":"post_tag","embeddable":true,"href":"https:\/\/www.forum-soegel.de\/information\/wp-json\/wp\/v2\/tags?post=20322"}],"curies":[{"name":"wp","href":"https:\/\/api.w.org\/{rel}","templated":true}]}}