{"id":20309,"date":"2016-12-25T18:35:00","date_gmt":"2016-12-25T17:35:00","guid":{"rendered":"https:\/\/www.forum-soegel.de\/information\/?p=20309"},"modified":"2016-12-25T18:35:00","modified_gmt":"2016-12-25T17:35:00","slug":"man-muss-die-feste-feiern%e2%80%a6","status":"publish","type":"post","link":"https:\/\/www.forum-soegel.de\/information\/2016\/12\/man-muss-die-feste-feiern%e2%80%a6\/","title":{"rendered":"Man muss die Feste feiern\u2026"},"content":{"rendered":"<p align=\"left\">S\u00f6gel &#8211; Gleich zwei Feste haben die Mitarbeiterinnen des Hauses Simeon in S\u00f6gel im Oktober\u00a0 ihren Bewohnerinnen und Bewohnern, deren Angeh\u00f6rigen und\u00a0 G\u00e4sten aus dem Betreuten Wohnen beschert,<\/p>\n<p align=\"left\">das Erntedankfest und eine gute Woche sp\u00e4ter das Oktoberfest.<\/p>\n<p align=\"left\">Den sakralen Teil des Erntedankfestes gestaltete in diesem Jahr Pastor Matthias Vo\u00df von der ev. Markusgemeinde mit den f\u00fcr die Senioren bekannten und bewegenden Texten und Liedern zu diesem Anlass.<\/p>\n<p align=\"left\">Neu f\u00fcr die Anwesenden war im fr\u00f6hlichen Ausklang der Auftritt der Damentanzgruppe \u201eThe Eagle Wingst\u201c aus S\u00f6gel.<\/p>\n<p align=\"left\">Fr\u00f6hlich und mit leicht bayrischem Touch gestalteten die Mitarbeiterinnen das Oktoberfest.<\/p>\n<p align=\"left\">Hier spielte der musikalische Alleinunterhalter Heinz M\u00e4chler.<\/p>\n<p align=\"left\">Nach dem traditionellen Ruf &#8211;\u00a0\u00a0 \u201e<a href=\"https:\/\/suche.aol.de\/aol\/search?q=O%27zapft+Is&amp;v_t=aolde-homePage50.a&amp;enabled_terms=&amp;s_it=rs-rhr1\">O&#8217;zapft Is<\/a>\u201d wurde zum sportlichen Wettstreit aufgerufen.<\/p>\n<p align=\"left\">Dazu geh\u00f6rte das S\u00e4gen, N\u00e4gel einschlagen und\u00a0 B\u00e4lle gezielt werfen.<\/p>\n<p align=\"left\">Das leibliche Wohl bedienten Brezeln und Bier \u2013 nat\u00fcrlich auch Alkoholfreies. Den Mitarbeiterinnen galt ein herzliches Dankesch\u00f6n \u2013 mit anhaltendem\u00a0 Applaus.<\/p>\n<p align=\"left\">Die n\u00e4chsten Feste, Nikolaus, Advent und Weihnachten werfen organisatorisch schon ihre Schatten voraus.<\/p>\n<p align=\"left\">Text\/Foto: Klaus Sch\u00e4ffner<\/p>\n<p align=\"left\"><a href=\"https:\/\/www.forum-soegel.de\/information\/wp-content\/uploads\/2016\/12\/Man-muss-die-Feste-feiern1.jpg\"><img loading=\"lazy\" decoding=\"async\" class=\"alignnone size-thumbnail wp-image-20310\" title=\"Man muss die Feste feiern1\" src=\"https:\/\/www.forum-soegel.de\/information\/wp-content\/uploads\/2016\/12\/Man-muss-die-Feste-feiern1-150x150.jpg\" alt=\"\" width=\"150\" height=\"150\" \/><\/a>\u00a0\u00a0<a href=\"https:\/\/www.forum-soegel.de\/information\/wp-content\/uploads\/2016\/12\/Man-muss-die-Feste-feiern2.jpg\"><img loading=\"lazy\" decoding=\"async\" class=\"alignnone size-thumbnail wp-image-20311\" title=\"Man muss die Feste feiern2\" src=\"https:\/\/www.forum-soegel.de\/information\/wp-content\/uploads\/2016\/12\/Man-muss-die-Feste-feiern2-150x150.jpg\" alt=\"\" width=\"150\" height=\"150\" \/><\/a><\/p>\n<p align=\"left\"><a href=\"https:\/\/www.forum-soegel.de\/information\/wp-content\/uploads\/2016\/12\/Man-muss-die-Feste-feiern3.jpg\"><img loading=\"lazy\" decoding=\"async\" class=\"alignnone size-thumbnail wp-image-20312\" title=\"Man muss die Feste feiern3\" src=\"https:\/\/www.forum-soegel.de\/information\/wp-content\/uploads\/2016\/12\/Man-muss-die-Feste-feiern3-150x150.jpg\" alt=\"\" width=\"150\" height=\"150\" \/><\/a>\u00a0\u00a0<a href=\"https:\/\/www.forum-soegel.de\/information\/wp-content\/uploads\/2016\/12\/Man-muss-die-Feste-feiern4.jpg\"><img loading=\"lazy\" decoding=\"async\" class=\"alignnone size-thumbnail wp-image-20313\" title=\"Man muss die Feste feiern4\" src=\"https:\/\/www.forum-soegel.de\/information\/wp-content\/uploads\/2016\/12\/Man-muss-die-Feste-feiern4-150x150.jpg\" alt=\"\" width=\"150\" height=\"150\" \/><\/a><\/p>\n<p align=\"left\">\n","protected":false},"excerpt":{"rendered":"S\u00f6gel &#8211; Gleich zwei Feste haben die Mitarbeiterinnen des Hauses Simeon in S\u00f6gel im Oktober\u00a0 ihren Bewohnerinnen und Bewohnern, deren Angeh\u00f6rigen und\u00a0 G\u00e4sten aus dem Betreuten Wohnen beschert, das Erntedankfest und eine gute Woche sp\u00e4ter das Oktoberfest. Den sakralen Teil des Erntedankfestes gestaltete in diesem Jahr Pastor Matthias Vo\u00df von der ev. Markusgemeinde mit den [&hellip;]\n","protected":false},"author":2,"featured_media":0,"comment_status":"closed","ping_status":"closed","sticky":false,"template":"","format":"standard","meta":{"ngg_post_thumbnail":0,"footnotes":""},"categories":[3],"tags":[],"class_list":["post-20309","post","type-post","status-publish","format-standard","hentry","category-aktuelles-aus-der-region"],"_links":{"self":[{"href":"https:\/\/www.forum-soegel.de\/information\/wp-json\/wp\/v2\/posts\/20309","targetHints":{"allow":["GET"]}}],"collection":[{"href":"https:\/\/www.forum-soegel.de\/information\/wp-json\/wp\/v2\/posts"}],"about":[{"href":"https:\/\/www.forum-soegel.de\/information\/wp-json\/wp\/v2\/types\/post"}],"author":[{"embeddable":true,"href":"https:\/\/www.forum-soegel.de\/information\/wp-json\/wp\/v2\/users\/2"}],"replies":[{"embeddable":true,"href":"https:\/\/www.forum-soegel.de\/information\/wp-json\/wp\/v2\/comments?post=20309"}],"version-history":[{"count":1,"href":"https:\/\/www.forum-soegel.de\/information\/wp-json\/wp\/v2\/posts\/20309\/revisions"}],"predecessor-version":[{"id":20314,"href":"https:\/\/www.forum-soegel.de\/information\/wp-json\/wp\/v2\/posts\/20309\/revisions\/20314"}],"wp:attachment":[{"href":"https:\/\/www.forum-soegel.de\/information\/wp-json\/wp\/v2\/media?parent=20309"}],"wp:term":[{"taxonomy":"category","embeddable":true,"href":"https:\/\/www.forum-soegel.de\/information\/wp-json\/wp\/v2\/categories?post=20309"},{"taxonomy":"post_tag","embeddable":true,"href":"https:\/\/www.forum-soegel.de\/information\/wp-json\/wp\/v2\/tags?post=20309"}],"curies":[{"name":"wp","href":"https:\/\/api.w.org\/{rel}","templated":true}]}}