{"id":20306,"date":"2016-12-25T18:33:08","date_gmt":"2016-12-25T17:33:08","guid":{"rendered":"https:\/\/www.forum-soegel.de\/information\/?p=20306"},"modified":"2016-12-25T18:33:08","modified_gmt":"2016-12-25T17:33:08","slug":"konstituierende-sitzung-des-rates-in-borger","status":"publish","type":"post","link":"https:\/\/www.forum-soegel.de\/information\/2016\/12\/konstituierende-sitzung-des-rates-in-borger\/","title":{"rendered":"Konstituierende Sitzung des Rates in B\u00f6rger"},"content":{"rendered":"<p><a href=\"https:\/\/www.forum-soegel.de\/information\/wp-content\/uploads\/2016\/12\/Konstituierende-Sitzung-des-Rates-in-B\u00f6rger.jpg\"><img loading=\"lazy\" decoding=\"async\" class=\"alignleft size-medium wp-image-20307\" title=\"Konstituierende Sitzung des Rates in B\u00f6rger\" src=\"https:\/\/www.forum-soegel.de\/information\/wp-content\/uploads\/2016\/12\/Konstituierende-Sitzung-des-Rates-in-B\u00f6rger-300x142.jpg\" alt=\"\" width=\"300\" height=\"142\" srcset=\"https:\/\/www.forum-soegel.de\/information\/wp-content\/uploads\/2016\/12\/Konstituierende-Sitzung-des-Rates-in-B\u00f6rger-300x142.jpg 300w, https:\/\/www.forum-soegel.de\/information\/wp-content\/uploads\/2016\/12\/Konstituierende-Sitzung-des-Rates-in-B\u00f6rger.jpg 1024w\" sizes=\"auto, (max-width: 300px) 100vw, 300px\" \/><\/a>B\u00f6rger &#8211; Der neue B\u00fcrgermeister der Gemeinde B\u00f6rger hei\u00dft J\u00fcrgen Ermes. Zum neuen Gemeindedirektor &#8211; ein Amt, das bisher auch der jeweilige B\u00fcrgermeister in Personalunion wahrnahm &#8211; wurde sein Parteikollege Johannes M\u00fcller bestimmt. Ermes sagte dazu: \u201eDurch die Aufgabensplittung wollen wir schneller und effektiver arbeiten.\u201c W\u00e4hrend seiner sechsmonatigen kommissarischen B\u00fcrgermeistert\u00e4tigkeit in B\u00f6rger im Jahr 2014 habe er festgestellt, dass das Pensum alleine kaum zu bew\u00e4ltigen sei. Der S\u00f6geler Samtgemeindeb\u00fcrgermeister G\u00fcnter Wigbers sprach von einer \u201esinnvollen Installation\u201c.<\/p>\n<p>Zur B\u00fcrgermeisterwahl traten mit Ermes und Kossen zwei Kandidaten an. F\u00fcr Ermes stimmten acht Ratsmitglieder, auf Kossen entfielen 5 Stimmen. Ermes sprach den Wunsch aus, dass es k\u00fcnftig zu einer konstruktiven und vertrauensvollen Zusammenarbeit mit allen Ratsmitgliedern komme.<\/p>\n<p>Der bisherige B\u00fcrgermeister wird Stellvertreter<\/p>\n<p>Zum stellvertretenden B\u00fcrgermeister wurde das bisherige Gemeindeoberhaupt Hermann W\u00f6ste gew\u00e4hlt. Auch er setzte sich mit acht zu f\u00fcnf Stimmen gegen den ebenfalls kandidierenden Ansgar Kossen durch. Dem Verwaltungsausschuss werden neben dem B\u00fcrgermeister somit Hermann W\u00f6ste und Ansgar Kossen angeh\u00f6ren. Den Vorsitz des Ausschusses f\u00fcr Kinder, Jugend und Soziales \u00fcbernimmt der SPD-Fraktionsvorsitzende Hans-Hermann Rolfes. Sein Parteikollege Klaus Fleer steht dem Ausschuss f\u00fcr Ehrenamt und Vereine vor. Die CDU-Ratsherren Ansgar Kossen und Andreas Jansen haben den Vorsitz in den Aussch\u00fcssen f\u00fcr Bauangelegenheiten innerorts sowie Landwirtschaft und Au\u00dfenbebauung inne.<\/p>\n<p>Text\/Foto: Ingrid Cloppenburg<\/p>\n","protected":false},"excerpt":{"rendered":"B\u00f6rger &#8211; Der neue B\u00fcrgermeister der Gemeinde B\u00f6rger hei\u00dft J\u00fcrgen Ermes. Zum neuen Gemeindedirektor &#8211; ein Amt, das bisher auch der jeweilige B\u00fcrgermeister in Personalunion wahrnahm &#8211; wurde sein Parteikollege Johannes M\u00fcller bestimmt. Ermes sagte dazu: \u201eDurch die Aufgabensplittung wollen wir schneller und effektiver arbeiten.\u201c W\u00e4hrend seiner sechsmonatigen kommissarischen B\u00fcrgermeistert\u00e4tigkeit in B\u00f6rger im Jahr 2014 [&hellip;]\n","protected":false},"author":2,"featured_media":0,"comment_status":"closed","ping_status":"closed","sticky":false,"template":"","format":"standard","meta":{"ngg_post_thumbnail":0,"footnotes":""},"categories":[3],"tags":[],"class_list":["post-20306","post","type-post","status-publish","format-standard","hentry","category-aktuelles-aus-der-region"],"_links":{"self":[{"href":"https:\/\/www.forum-soegel.de\/information\/wp-json\/wp\/v2\/posts\/20306","targetHints":{"allow":["GET"]}}],"collection":[{"href":"https:\/\/www.forum-soegel.de\/information\/wp-json\/wp\/v2\/posts"}],"about":[{"href":"https:\/\/www.forum-soegel.de\/information\/wp-json\/wp\/v2\/types\/post"}],"author":[{"embeddable":true,"href":"https:\/\/www.forum-soegel.de\/information\/wp-json\/wp\/v2\/users\/2"}],"replies":[{"embeddable":true,"href":"https:\/\/www.forum-soegel.de\/information\/wp-json\/wp\/v2\/comments?post=20306"}],"version-history":[{"count":1,"href":"https:\/\/www.forum-soegel.de\/information\/wp-json\/wp\/v2\/posts\/20306\/revisions"}],"predecessor-version":[{"id":20308,"href":"https:\/\/www.forum-soegel.de\/information\/wp-json\/wp\/v2\/posts\/20306\/revisions\/20308"}],"wp:attachment":[{"href":"https:\/\/www.forum-soegel.de\/information\/wp-json\/wp\/v2\/media?parent=20306"}],"wp:term":[{"taxonomy":"category","embeddable":true,"href":"https:\/\/www.forum-soegel.de\/information\/wp-json\/wp\/v2\/categories?post=20306"},{"taxonomy":"post_tag","embeddable":true,"href":"https:\/\/www.forum-soegel.de\/information\/wp-json\/wp\/v2\/tags?post=20306"}],"curies":[{"name":"wp","href":"https:\/\/api.w.org\/{rel}","templated":true}]}}