{"id":20304,"date":"2016-12-25T18:31:52","date_gmt":"2016-12-25T17:31:52","guid":{"rendered":"https:\/\/www.forum-soegel.de\/information\/?p=20304"},"modified":"2016-12-25T20:17:28","modified_gmt":"2016-12-25T19:17:28","slug":"kolpingsfamilie-sogel-stavern-lautet-funfte-jahreszeit-mit-kappenfest-ein","status":"publish","type":"post","link":"https:\/\/www.forum-soegel.de\/information\/2016\/12\/kolpingsfamilie-sogel-stavern-lautet-funfte-jahreszeit-mit-kappenfest-ein\/","title":{"rendered":"Kolpingsfamilie S\u00f6gel-Stavern l\u00e4utet f\u00fcnfte Jahreszeit mit Kappenfest ein"},"content":{"rendered":"<p style=\"text-align: left;\" align=\"center\"><strong>Am 21. Januar 2017 wird die f\u00fcnfte Jahreszeit eingel\u00e4utet<\/strong><\/p>\n<p style=\"text-align: left;\" align=\"center\"><strong>S\u00f6geler Narren pr\u00e4sentieren neues Prinzenpaar<\/strong><\/p>\n<p>S\u00f6gel &#8211; Mit dem traditionellen Kappenfest beim Clemenswerther Hof wird die Kolpingsfamilie S\u00f6gel-Stavern\u00a0 die so genannte f\u00fcnfte Jahreszeit stimmungsvoll einl\u00e4uten.<\/p>\n<p>Im Mittelpunkt des Festes steht die Vorstellung des neuen Prinzenpaares und des Elferrates. Das Prinzenpaar erh\u00e4lt f\u00fcr die Zeit bis zum Tag vor Aschermittwoch Zepter und Krone. Sie werden mit dem Elferrat bei den vier gro\u00dfen Prunksitzungen unter dem Motto KKS-Comedyabend der Kolpingsfamilie im Clemenswerther Hof am 10. und 11.\u00a0 sowie am 17. und 18. Februar Hof halten.<\/p>\n<p>Bei der Inthronisierung werden die Akteure des Elferrats ein buntes Showprogramm bieten. Die Vorstandsmitglieder der Kolpingsfamilie freuen sich auf eine rege Teilnahme, wobei uns die Stimmungsband WIANKO&#8217;S\u00a0 einheizen wird.<\/p>\n<p>Text: Kolpingsvorstand<\/p>\n","protected":false},"excerpt":{"rendered":"Am 21. Januar 2017 wird die f\u00fcnfte Jahreszeit eingel\u00e4utet S\u00f6geler Narren pr\u00e4sentieren neues Prinzenpaar S\u00f6gel &#8211; Mit dem traditionellen Kappenfest beim Clemenswerther Hof wird die Kolpingsfamilie S\u00f6gel-Stavern\u00a0 die so genannte f\u00fcnfte Jahreszeit stimmungsvoll einl\u00e4uten. Im Mittelpunkt des Festes steht die Vorstellung des neuen Prinzenpaares und des Elferrates. Das Prinzenpaar erh\u00e4lt f\u00fcr die Zeit bis zum [&hellip;]\n","protected":false},"author":2,"featured_media":0,"comment_status":"closed","ping_status":"closed","sticky":false,"template":"","format":"standard","meta":{"ngg_post_thumbnail":0,"footnotes":""},"categories":[3],"tags":[],"class_list":["post-20304","post","type-post","status-publish","format-standard","hentry","category-aktuelles-aus-der-region"],"_links":{"self":[{"href":"https:\/\/www.forum-soegel.de\/information\/wp-json\/wp\/v2\/posts\/20304","targetHints":{"allow":["GET"]}}],"collection":[{"href":"https:\/\/www.forum-soegel.de\/information\/wp-json\/wp\/v2\/posts"}],"about":[{"href":"https:\/\/www.forum-soegel.de\/information\/wp-json\/wp\/v2\/types\/post"}],"author":[{"embeddable":true,"href":"https:\/\/www.forum-soegel.de\/information\/wp-json\/wp\/v2\/users\/2"}],"replies":[{"embeddable":true,"href":"https:\/\/www.forum-soegel.de\/information\/wp-json\/wp\/v2\/comments?post=20304"}],"version-history":[{"count":3,"href":"https:\/\/www.forum-soegel.de\/information\/wp-json\/wp\/v2\/posts\/20304\/revisions"}],"predecessor-version":[{"id":20481,"href":"https:\/\/www.forum-soegel.de\/information\/wp-json\/wp\/v2\/posts\/20304\/revisions\/20481"}],"wp:attachment":[{"href":"https:\/\/www.forum-soegel.de\/information\/wp-json\/wp\/v2\/media?parent=20304"}],"wp:term":[{"taxonomy":"category","embeddable":true,"href":"https:\/\/www.forum-soegel.de\/information\/wp-json\/wp\/v2\/categories?post=20304"},{"taxonomy":"post_tag","embeddable":true,"href":"https:\/\/www.forum-soegel.de\/information\/wp-json\/wp\/v2\/tags?post=20304"}],"curies":[{"name":"wp","href":"https:\/\/api.w.org\/{rel}","templated":true}]}}