{"id":20299,"date":"2016-12-25T18:30:34","date_gmt":"2016-12-25T17:30:34","guid":{"rendered":"https:\/\/www.forum-soegel.de\/information\/?p=20299"},"modified":"2016-12-25T18:30:34","modified_gmt":"2016-12-25T17:30:34","slug":"jugendfeuerwehr-sogel-erhalt-forderpreis-fur-projektarbeit","status":"publish","type":"post","link":"https:\/\/www.forum-soegel.de\/information\/2016\/12\/jugendfeuerwehr-sogel-erhalt-forderpreis-fur-projektarbeit\/","title":{"rendered":"Jugendfeuerwehr S\u00f6gel erh\u00e4lt F\u00f6rderpreis f\u00fcr Projektarbeit"},"content":{"rendered":"<p style=\"text-align: left;\" align=\"center\"><strong>Im Bereich \u201eAlkoholpr\u00e4vention\u201c ausgezeichnet<\/strong><\/p>\n<p><a href=\"https:\/\/www.forum-soegel.de\/information\/wp-content\/uploads\/2016\/12\/Jugendfeuerwehr.jpg\"><img loading=\"lazy\" decoding=\"async\" class=\"alignleft size-full wp-image-20300\" title=\"Jugendfeuerwehr\" src=\"https:\/\/www.forum-soegel.de\/information\/wp-content\/uploads\/2016\/12\/Jugendfeuerwehr.jpg\" alt=\"\" width=\"300\" height=\"130\" \/><\/a>S\u00f6gel &#8211; \u00a0\u201eWir sind stolz auf eure fundierte Arbeit zum Thema Alkoholpr\u00e4vention\u201c, sagte Erster Samtgemeinderat Hans Nowak anl\u00e4sslich der \u00dcbergabe des mit 500 Euro dotierten F\u00f6rderpreises an die Jugendfeuerwehr (JF) S\u00f6gel.<\/p>\n<p>Die Jugendfeuerwehr S\u00f6gel hatte sich an der Ausschreibung zum Teilprojekt <strong>\u201e<strong>Schutzr\u00e4ume<\/strong><\/strong>&#8222;, aus dem Projekt <strong>\u201e<strong>CTC &#8211; Communities that care<\/strong>&#8222;<\/strong> beteiligt. CTC ist ein Kooperationsprojekt des Landkreises Emsland, der Polizeiinspektion Emsland\/ Grafschaft Bentheim und den Samtgemeinden Freren, Spelle, S\u00f6gel und Werlte.<\/p>\n<p>Zur feierlichen \u00dcbergabe im Feuerwehrhaus S\u00f6gel begr\u00fc\u00dfte Ortsbrandmeister Frank Tholen neben den JF-Mitgliedern, deren Betreuerteam, der Feuerwehrf\u00fchrung und Hans Nowak auch die stellvertretende B\u00fcrgermeisterin Ulrike Hinrichs und den Kreisjugendpfleger Ulrich Engling. Nowak betonte, dass man mit Sorge beobachte, wie Jugendliche dem Alkohol zusprechen und sagte: \u201eWir wollen ein Schutzraum sein und die Gefahren des unkontrollierten Alkoholgenusses aufzeigen. Daf\u00fcr ist auch die Arbeit der JF S\u00f6gel hervorragend geeignet.\u201c<\/p>\n<p>Das Betreuerteam der 26 Mitglieder starken JF S\u00f6gel hatte im Rahmen des Jugendfeuerwehrdienstes das Thema \u201eGefahren durch Alkohol und deren Vorbeugung\u201c aufgegriffen. Man erstellte ein Leitbild in Form einer gro\u00dfen Collage und lud einen Beratungsbeamten der Polizei ein. \u00dcber diese Aktivit\u00e4t wurde ein mit Bildern versehener Bericht verfasst und als Bewerbung zum F\u00f6rderpreis bei der Samtgemeinde S\u00f6gel eingereicht.<\/p>\n<p>Der Leiter der JF S\u00f6gel, Gerit Ahrens, brachte zum Ausdruck, dass man die Auszeichnung als Anerkennung f\u00fcr die bisher geleistete Arbeit sehe, dass sie aber auch gleichzeitig als Ansporn f\u00fcr die weitere T\u00e4tigkeit sei. Im Anschluss an die \u00dcbergabe zeigte der Feuerwehrnachwuchs im Rahmen einer Einsatz\u00fcbung, dass er auch feuerwehrtechnisch gut ausgebildet ist.<\/p>\n<p>Ulrich Engling stie\u00df bei den Jugendlichen auf offene Ohren, als er zur Teilnahme am F\u00f6rderprogramm anl\u00e4sslich des 10-j\u00e4hrigen Jubil\u00e4ums des Koma-Programms hinwies. Beispiele f\u00fcr f\u00f6rderungsw\u00fcrdige Projekte w\u00e4ren alkoholfreie Partys und viele andere themengerechte Aktionen. Besonders gute Aktionen w\u00fcrden mit bis zu 200 Euro bezuschusst. Weitere Infos seien unter <a href=\"https:\/\/koma-emsland.de\/\">https:\/\/koma-emsland.de\/<\/a> zu finden.<\/p>\n<p>Text\/Foto: LB<\/p>\n<p><a href=\"https:\/\/www.forum-soegel.de\/information\/wp-content\/uploads\/2016\/12\/Jugendfeuerwehr-S\u00f6gel-erh\u00e4lt-F\u00f6rderpreis-f\u00fcr-Projektarbeit1.jpg\"><img loading=\"lazy\" decoding=\"async\" class=\"alignnone size-thumbnail wp-image-20301\" title=\"Jugendfeuerwehr S\u00f6gel erh\u00e4lt F\u00f6rderpreis f\u00fcr Projektarbeit1\" src=\"https:\/\/www.forum-soegel.de\/information\/wp-content\/uploads\/2016\/12\/Jugendfeuerwehr-S\u00f6gel-erh\u00e4lt-F\u00f6rderpreis-f\u00fcr-Projektarbeit1-150x150.jpg\" alt=\"\" width=\"150\" height=\"150\" \/><\/a>\u00a0\u00a0<a href=\"https:\/\/www.forum-soegel.de\/information\/wp-content\/uploads\/2016\/12\/Jugendfeuerwehr-S\u00f6gel-erh\u00e4lt-F\u00f6rderpreis-f\u00fcr-Projektarbeit2.jpg\"><img loading=\"lazy\" decoding=\"async\" class=\"alignnone size-thumbnail wp-image-20302\" title=\"Jugendfeuerwehr S\u00f6gel erh\u00e4lt F\u00f6rderpreis f\u00fcr Projektarbeit2\" src=\"https:\/\/www.forum-soegel.de\/information\/wp-content\/uploads\/2016\/12\/Jugendfeuerwehr-S\u00f6gel-erh\u00e4lt-F\u00f6rderpreis-f\u00fcr-Projektarbeit2-150x150.jpg\" alt=\"\" width=\"150\" height=\"150\" \/><\/a><\/p>\n<p>Nicht ohne Stolz nahm die Jugendfeuerwehr S\u00f6gel den mit 500 Euro dotierten F\u00f6rderpreis f\u00fcr ihre Projektarbeit entgegen. Erster Samtgemeinderat Hans Nowak (links) \u00fcberreichte Jugendfeuerwehrwart Gerit Ahrens die Urkunde. Unser Foto zeigt die Jugendfeuerwehr zusammen mit ihren Betreuern, der Feuerwehrf\u00fchrung, der stellvertretenden B\u00fcrgermeisterin Ulrike Hinrichs und Kreisjugendpfleger Ulrich Engling.<\/p>\n","protected":false},"excerpt":{"rendered":"Im Bereich \u201eAlkoholpr\u00e4vention\u201c ausgezeichnet S\u00f6gel &#8211; \u00a0\u201eWir sind stolz auf eure fundierte Arbeit zum Thema Alkoholpr\u00e4vention\u201c, sagte Erster Samtgemeinderat Hans Nowak anl\u00e4sslich der \u00dcbergabe des mit 500 Euro dotierten F\u00f6rderpreises an die Jugendfeuerwehr (JF) S\u00f6gel. Die Jugendfeuerwehr S\u00f6gel hatte sich an der Ausschreibung zum Teilprojekt \u201eSchutzr\u00e4ume&#8222;, aus dem Projekt \u201eCTC &#8211; Communities that care&#8222; beteiligt. [&hellip;]\n","protected":false},"author":2,"featured_media":0,"comment_status":"closed","ping_status":"closed","sticky":false,"template":"","format":"standard","meta":{"ngg_post_thumbnail":0,"footnotes":""},"categories":[3],"tags":[],"class_list":["post-20299","post","type-post","status-publish","format-standard","hentry","category-aktuelles-aus-der-region"],"_links":{"self":[{"href":"https:\/\/www.forum-soegel.de\/information\/wp-json\/wp\/v2\/posts\/20299","targetHints":{"allow":["GET"]}}],"collection":[{"href":"https:\/\/www.forum-soegel.de\/information\/wp-json\/wp\/v2\/posts"}],"about":[{"href":"https:\/\/www.forum-soegel.de\/information\/wp-json\/wp\/v2\/types\/post"}],"author":[{"embeddable":true,"href":"https:\/\/www.forum-soegel.de\/information\/wp-json\/wp\/v2\/users\/2"}],"replies":[{"embeddable":true,"href":"https:\/\/www.forum-soegel.de\/information\/wp-json\/wp\/v2\/comments?post=20299"}],"version-history":[{"count":1,"href":"https:\/\/www.forum-soegel.de\/information\/wp-json\/wp\/v2\/posts\/20299\/revisions"}],"predecessor-version":[{"id":20303,"href":"https:\/\/www.forum-soegel.de\/information\/wp-json\/wp\/v2\/posts\/20299\/revisions\/20303"}],"wp:attachment":[{"href":"https:\/\/www.forum-soegel.de\/information\/wp-json\/wp\/v2\/media?parent=20299"}],"wp:term":[{"taxonomy":"category","embeddable":true,"href":"https:\/\/www.forum-soegel.de\/information\/wp-json\/wp\/v2\/categories?post=20299"},{"taxonomy":"post_tag","embeddable":true,"href":"https:\/\/www.forum-soegel.de\/information\/wp-json\/wp\/v2\/tags?post=20299"}],"curies":[{"name":"wp","href":"https:\/\/api.w.org\/{rel}","templated":true}]}}