{"id":20296,"date":"2016-12-25T18:26:24","date_gmt":"2016-12-25T17:26:24","guid":{"rendered":"https:\/\/www.forum-soegel.de\/information\/?p=20296"},"modified":"2016-12-25T18:26:24","modified_gmt":"2016-12-25T17:26:24","slug":"initiativkreis-zum-thema-%e2%80%9ekein-kind-zurucklassen%e2%80%9c-tagte-im-sogeler-rathaus","status":"publish","type":"post","link":"https:\/\/www.forum-soegel.de\/information\/2016\/12\/initiativkreis-zum-thema-%e2%80%9ekein-kind-zurucklassen%e2%80%9c-tagte-im-sogeler-rathaus\/","title":{"rendered":"Initiativkreis zum Thema: \u201eKein Kind zur\u00fccklassen\u201c tagte im S\u00f6geler Rathaus"},"content":{"rendered":"<p>S\u00f6gel &#8211; Nachdem der Gemeinderat die Bildung eines Initiativkreises \u201eKein Kind zur\u00fccklassen\u201c beschlossen hatte, fand nun die erste Sitzung der haupt- und ehrenamtlichen Akteure, die an den verschiedenen Schnittstellen in der Gemeinde S\u00f6gel t\u00e4tig sind, unter der Leitung der S\u00f6geler B\u00fcrgermeisterin Irmgard Welling statt.<\/p>\n<p>Welling f\u00fchrte zu Beginn aus, dass jedes sechste Kind unter drei Jahren in Armut aufwachse. \u201eF\u00fcr \u00fcber die H\u00e4lfte dieser Kinder ist Armut keine Episode in ihrem Leben, sondern ein anhaltender Normal- und Dauerzustand.<\/p>\n<p>In Armut aufwachsende Kinder sind bei der Einschulung h\u00e4ufiger auff\u00e4llig in ihrer Visuomotorik und der K\u00f6rperkoordination, sie k\u00f6nnen sich schlechter konzentrieren, sprechen schlechter Deutsch und k\u00f6nnen schlechter z\u00e4hlen als andere Kinder gleichen Alters.\u201c<\/p>\n<p>Das gemeinsame Wissen in den verschiedenen Institutionen m\u00fcsse geb\u00fcndelt werden, um Kindern und Jugendlichen bessere Entwicklungsperspektiven zu bieten. \u201eWir wollen herausfinden, welche Hilfen bei in Armut lebenden Familien ankommen, welche L\u00fccken es im Angebot gibt und wie wir uns alle so vernetzen k\u00f6nnen, damit es unseren Familien zugutekommt\u201c, so Welling.<\/p>\n<p>Nach erfolgter Vorstellung der verschiedenen Unterst\u00fctzungsangebote sowie Diskussion vorhandener Defizite stimmten die Besprechungsteilnehmer darin \u00fcberein, dass durch pr\u00e4ventive Ma\u00dfnahmen ein wichtiger Beitrag zum gelingenden Aufwachsen von Kindern und Jugendlichen geleistet werden k\u00f6nne.<\/p>\n<p>Text: Ingrid Cloppenburg \/ Foto: Gemeinde S\u00f6gel<\/p>\n<div id=\"attachment_20297\" style=\"width: 310px\" class=\"wp-caption alignnone\"><a href=\"https:\/\/www.forum-soegel.de\/information\/wp-content\/uploads\/2016\/12\/Initiativkreis-zum-Thema-\u201eKein-Kind-zur\u00fccklassen\u201c-tagte-im-S\u00f6geler-Rathaus.jpg\"><img loading=\"lazy\" decoding=\"async\" aria-describedby=\"caption-attachment-20297\" class=\"size-medium wp-image-20297\" title=\"Initiativkreis zum Thema \u201eKein Kind zur\u00fccklassen\u201c tagte im S\u00f6geler Rathaus\" src=\"https:\/\/www.forum-soegel.de\/information\/wp-content\/uploads\/2016\/12\/Initiativkreis-zum-Thema-\u201eKein-Kind-zur\u00fccklassen\u201c-tagte-im-S\u00f6geler-Rathaus-300x225.jpg\" alt=\"\" width=\"300\" height=\"225\" srcset=\"https:\/\/www.forum-soegel.de\/information\/wp-content\/uploads\/2016\/12\/Initiativkreis-zum-Thema-\u201eKein-Kind-zur\u00fccklassen\u201c-tagte-im-S\u00f6geler-Rathaus-300x225.jpg 300w, https:\/\/www.forum-soegel.de\/information\/wp-content\/uploads\/2016\/12\/Initiativkreis-zum-Thema-\u201eKein-Kind-zur\u00fccklassen\u201c-tagte-im-S\u00f6geler-Rathaus.jpg 1024w\" sizes=\"auto, (max-width: 300px) 100vw, 300px\" \/><\/a><p id=\"caption-attachment-20297\" class=\"wp-caption-text\">Erstmalig hat sich ein Initiativkreis zum Thema: \u201eKein Kind zur\u00fccklassen\u201c im S\u00f6geler Rathaus getroffen.<\/p><\/div>\n","protected":false},"excerpt":{"rendered":"S\u00f6gel &#8211; Nachdem der Gemeinderat die Bildung eines Initiativkreises \u201eKein Kind zur\u00fccklassen\u201c beschlossen hatte, fand nun die erste Sitzung der haupt- und ehrenamtlichen Akteure, die an den verschiedenen Schnittstellen in der Gemeinde S\u00f6gel t\u00e4tig sind, unter der Leitung der S\u00f6geler B\u00fcrgermeisterin Irmgard Welling statt. Welling f\u00fchrte zu Beginn aus, dass jedes sechste Kind unter drei [&hellip;]\n","protected":false},"author":2,"featured_media":0,"comment_status":"closed","ping_status":"closed","sticky":false,"template":"","format":"standard","meta":{"ngg_post_thumbnail":0,"footnotes":""},"categories":[3],"tags":[],"class_list":["post-20296","post","type-post","status-publish","format-standard","hentry","category-aktuelles-aus-der-region"],"_links":{"self":[{"href":"https:\/\/www.forum-soegel.de\/information\/wp-json\/wp\/v2\/posts\/20296","targetHints":{"allow":["GET"]}}],"collection":[{"href":"https:\/\/www.forum-soegel.de\/information\/wp-json\/wp\/v2\/posts"}],"about":[{"href":"https:\/\/www.forum-soegel.de\/information\/wp-json\/wp\/v2\/types\/post"}],"author":[{"embeddable":true,"href":"https:\/\/www.forum-soegel.de\/information\/wp-json\/wp\/v2\/users\/2"}],"replies":[{"embeddable":true,"href":"https:\/\/www.forum-soegel.de\/information\/wp-json\/wp\/v2\/comments?post=20296"}],"version-history":[{"count":1,"href":"https:\/\/www.forum-soegel.de\/information\/wp-json\/wp\/v2\/posts\/20296\/revisions"}],"predecessor-version":[{"id":20298,"href":"https:\/\/www.forum-soegel.de\/information\/wp-json\/wp\/v2\/posts\/20296\/revisions\/20298"}],"wp:attachment":[{"href":"https:\/\/www.forum-soegel.de\/information\/wp-json\/wp\/v2\/media?parent=20296"}],"wp:term":[{"taxonomy":"category","embeddable":true,"href":"https:\/\/www.forum-soegel.de\/information\/wp-json\/wp\/v2\/categories?post=20296"},{"taxonomy":"post_tag","embeddable":true,"href":"https:\/\/www.forum-soegel.de\/information\/wp-json\/wp\/v2\/tags?post=20296"}],"curies":[{"name":"wp","href":"https:\/\/api.w.org\/{rel}","templated":true}]}}