{"id":20294,"date":"2016-12-01T18:24:17","date_gmt":"2016-12-01T17:24:17","guid":{"rendered":"https:\/\/www.forum-soegel.de\/information\/?p=20294"},"modified":"2016-12-25T18:25:08","modified_gmt":"2016-12-25T17:25:08","slug":"heilig-abend-nicht-allein-2","status":"publish","type":"post","link":"https:\/\/www.forum-soegel.de\/information\/2016\/12\/heilig-abend-nicht-allein-2\/","title":{"rendered":"Heilig Abend nicht allein"},"content":{"rendered":"<p style=\"text-align: left;\" align=\"center\">Zu Weihnachten 2016 sollte in der Samtgemeinde S\u00f6gel niemand ungewollt alleine sein und den Heiligabend alleine verbringen. Das Seniorenzentrum im l\u00e4ndlichen Raum S\u00f6gel e.V. und das WeihnachtsTeam laden am 24.Dezember zu einer Weihnachtsfeier f\u00fcr \u00e4ltere und allein lebende B\u00fcrger und B\u00fcrgerinnen ins \u201eKatharina- von- Bora- Haus\u201c der ev. Markusgemeinde S\u00f6gel ein.<\/p>\n<p style=\"text-align: left;\" align=\"center\">\u00a0Beginn ist um 17.00 Uhr mit dem Gottesdienst in der Markusgemeinde. Im Anschluss wird ab 18.00 Uhr der Nikolaus auftreten, ein Festessen serviert werden und ein feines Unterhaltungsprogramm f\u00fcr einen kurzweiligen Abend sorgen.<\/p>\n<p style=\"text-align: left;\" align=\"center\">\u00a0Die Kosten f\u00fcr eine Teilnahme betragen EUR 10.&#8211;<\/p>\n<p style=\"text-align: left;\" align=\"center\">\u00a0<strong>Anmeldungen nimmt das Seniorenzentrum im l\u00e4ndlichen Raum unter Telefon 05952- 3022 von 8.00 bis 12.00 Uhr entgegen.<\/strong> Ein Fahrdienst wird wie immer eingerichtet.<\/p>\n","protected":false},"excerpt":{"rendered":"Zu Weihnachten 2016 sollte in der Samtgemeinde S\u00f6gel niemand ungewollt alleine sein und den Heiligabend alleine verbringen. Das Seniorenzentrum im l\u00e4ndlichen Raum S\u00f6gel e.V. und das WeihnachtsTeam laden am 24.Dezember zu einer Weihnachtsfeier f\u00fcr \u00e4ltere und allein lebende B\u00fcrger und B\u00fcrgerinnen ins \u201eKatharina- von- Bora- Haus\u201c der ev. Markusgemeinde S\u00f6gel ein. \u00a0Beginn ist um 17.00 [&hellip;]\n","protected":false},"author":2,"featured_media":0,"comment_status":"closed","ping_status":"closed","sticky":false,"template":"","format":"standard","meta":{"ngg_post_thumbnail":0,"footnotes":""},"categories":[3],"tags":[],"class_list":["post-20294","post","type-post","status-publish","format-standard","hentry","category-aktuelles-aus-der-region"],"_links":{"self":[{"href":"https:\/\/www.forum-soegel.de\/information\/wp-json\/wp\/v2\/posts\/20294","targetHints":{"allow":["GET"]}}],"collection":[{"href":"https:\/\/www.forum-soegel.de\/information\/wp-json\/wp\/v2\/posts"}],"about":[{"href":"https:\/\/www.forum-soegel.de\/information\/wp-json\/wp\/v2\/types\/post"}],"author":[{"embeddable":true,"href":"https:\/\/www.forum-soegel.de\/information\/wp-json\/wp\/v2\/users\/2"}],"replies":[{"embeddable":true,"href":"https:\/\/www.forum-soegel.de\/information\/wp-json\/wp\/v2\/comments?post=20294"}],"version-history":[{"count":1,"href":"https:\/\/www.forum-soegel.de\/information\/wp-json\/wp\/v2\/posts\/20294\/revisions"}],"predecessor-version":[{"id":20295,"href":"https:\/\/www.forum-soegel.de\/information\/wp-json\/wp\/v2\/posts\/20294\/revisions\/20295"}],"wp:attachment":[{"href":"https:\/\/www.forum-soegel.de\/information\/wp-json\/wp\/v2\/media?parent=20294"}],"wp:term":[{"taxonomy":"category","embeddable":true,"href":"https:\/\/www.forum-soegel.de\/information\/wp-json\/wp\/v2\/categories?post=20294"},{"taxonomy":"post_tag","embeddable":true,"href":"https:\/\/www.forum-soegel.de\/information\/wp-json\/wp\/v2\/tags?post=20294"}],"curies":[{"name":"wp","href":"https:\/\/api.w.org\/{rel}","templated":true}]}}