{"id":20291,"date":"2016-12-25T18:23:56","date_gmt":"2016-12-25T17:23:56","guid":{"rendered":"https:\/\/www.forum-soegel.de\/information\/?p=20291"},"modified":"2016-12-25T18:23:56","modified_gmt":"2016-12-25T17:23:56","slug":"gedenkfeier-zum-jahrestag-der-reichspogromnacht","status":"publish","type":"post","link":"https:\/\/www.forum-soegel.de\/information\/2016\/12\/gedenkfeier-zum-jahrestag-der-reichspogromnacht\/","title":{"rendered":"Gedenkfeier zum Jahrestag der Reichspogromnacht"},"content":{"rendered":"<p><strong>S\u00f6gel &#8211; <\/strong>Zum Jahrestag der Reichspogromnacht fand in S\u00f6gel eine Gedenkveranstaltung statt. Sch\u00fcler, B\u00fcrger und Vertreter der Gemeinde S\u00f6gel erinnerten sich gemeinsam an die verstorbenen S\u00f6geler Juden im Holocaust. \u201eWir erinnern heute an einen der besch\u00e4mendsten Momente der Deutschen Geschichte. Wir gedenken der Nacht vom 9. auf den 10. November 1938, einer Nacht, die grauenvoller Vorbote aller noch folgenden Gr\u00e4ueltaten eines Regimes war, das bewusst systematisch die Vernichtung des j\u00fcdischen Volkes vorbereitet\u201c, begann B\u00fcrgermeisterin Irmgard Welling ihre Ansprache in der Aula des H\u00fcmmling-Gymnasiums.<\/p>\n<p>\u201eWir leben heute in einer Zeit, in der die meisten von uns die Schrecken des Naziregimes nur aus dem Geschichtsbuch kennen,\u201c f\u00fchrte Welling weiter aus. Es bleibe also zuk\u00fcnftig die Verantwortung unserer Generationen, die Erinnerung an die Verbrechen der Nationalsozialisten auf andere Weise lebendig zu halten und nie wieder zuzulassen. \u201eDeshalb bin ich sehr froh, dass wir als Gemeinde S\u00f6gel die beiden Schulen Oberschule am Schloss und H\u00fcmmling Gymnasium sowie den Arbeitskreis und das Forum als Partner gefunden haben, dass die junge Generation diesen Gedenktag vorbereitet und mitgestaltet. Denn mit Eurer Unterst\u00fctzung hei\u00dft es:\u00a0Erkennen und Erinnern, Lernen und Handeln, mit allen guten Kr\u00e4ften eine mitmenschliche Welt zu verwirklichen suchen, im Kleinen wie im Gro\u00dfen an einer gerechten und friedlicheren Lebensordnung in Deutschland, in der Welt mitwirken helfen, die Hass und Pogrome unm\u00f6glich macht!\u201c<\/p>\n<p>Geschichtslehrer des H\u00fcmmling-Gymnasiums Timo Felber trug mit sechs Sch\u00fclern eine Pr\u00e4sentation vor, die anschaulich die Vergangenheit aus Sicht der Opfer, T\u00e4ter und Beobachter widerspiegelte. Poetry-Beitr\u00e4ge zur Darstellung der Ereignisse in der Nacht vom 9. auf den 10. November 1938 aus drei verschiedenen Perspektiven (T\u00e4ter-, Opfer und Beobachtungsperspektive) sensibilisierten die Zuh\u00f6rer f\u00fcr die Vergangenheit. Bilder j\u00fcdischer B\u00fcrger aus S\u00f6gel wurden zeitgleich pr\u00e4sentiert, mit j\u00fcdischer Musik im Hintergrund. In einem weiteren Beitrag wurde die Gegenwart anhand eines judenfeindlichen Facebookzitates aufgezeigt. Auch einen Blick in die Zukunft wagte die Arbeitsgruppe. Eine Sch\u00fclerbefragung ergab als Ergebnis sehr unterschiedliche Auffassungen. W\u00e4hrend einige bef\u00fcrchteten, dass in 50 Jahren die Gewalttaten im Holocaust in Vergessenheit geraten k\u00f6nnten, mahnten andere, dass dieses nie passieren d\u00fcrfe.<\/p>\n<p>Besonders gedacht wurde in einer Schweigeminute der Angeh\u00f6rigen der ehemals j\u00fcdischen Familie in S\u00f6gel. Stolpersteine werden f\u00fcr diese verstorbenen Mitb\u00fcrger im Fr\u00fchjahr 2017 verlegt, k\u00fcndigte Welling an.<\/p>\n<p>Text\/Foto: Ingrid Cloppenburg<\/p>\n<p><a href=\"https:\/\/www.forum-soegel.de\/information\/wp-content\/uploads\/2016\/12\/Gedenkfeier-zum-Jahrestag-der-Reichspogromnacht.jpg\"><img loading=\"lazy\" decoding=\"async\" class=\"alignnone size-medium wp-image-20292\" title=\"Gedenkfeier zum Jahrestag der Reichspogromnacht\" src=\"https:\/\/www.forum-soegel.de\/information\/wp-content\/uploads\/2016\/12\/Gedenkfeier-zum-Jahrestag-der-Reichspogromnacht-260x300.jpg\" alt=\"\" width=\"260\" height=\"300\" srcset=\"https:\/\/www.forum-soegel.de\/information\/wp-content\/uploads\/2016\/12\/Gedenkfeier-zum-Jahrestag-der-Reichspogromnacht-260x300.jpg 260w, https:\/\/www.forum-soegel.de\/information\/wp-content\/uploads\/2016\/12\/Gedenkfeier-zum-Jahrestag-der-Reichspogromnacht.jpg 667w\" sizes=\"auto, (max-width: 260px) 100vw, 260px\" \/><\/a><\/p>\n","protected":false},"excerpt":{"rendered":"S\u00f6gel &#8211; Zum Jahrestag der Reichspogromnacht fand in S\u00f6gel eine Gedenkveranstaltung statt. Sch\u00fcler, B\u00fcrger und Vertreter der Gemeinde S\u00f6gel erinnerten sich gemeinsam an die verstorbenen S\u00f6geler Juden im Holocaust. \u201eWir erinnern heute an einen der besch\u00e4mendsten Momente der Deutschen Geschichte. Wir gedenken der Nacht vom 9. auf den 10. November 1938, einer Nacht, die grauenvoller [&hellip;]\n","protected":false},"author":2,"featured_media":0,"comment_status":"closed","ping_status":"closed","sticky":false,"template":"","format":"standard","meta":{"ngg_post_thumbnail":0,"footnotes":""},"categories":[3],"tags":[],"class_list":["post-20291","post","type-post","status-publish","format-standard","hentry","category-aktuelles-aus-der-region"],"_links":{"self":[{"href":"https:\/\/www.forum-soegel.de\/information\/wp-json\/wp\/v2\/posts\/20291","targetHints":{"allow":["GET"]}}],"collection":[{"href":"https:\/\/www.forum-soegel.de\/information\/wp-json\/wp\/v2\/posts"}],"about":[{"href":"https:\/\/www.forum-soegel.de\/information\/wp-json\/wp\/v2\/types\/post"}],"author":[{"embeddable":true,"href":"https:\/\/www.forum-soegel.de\/information\/wp-json\/wp\/v2\/users\/2"}],"replies":[{"embeddable":true,"href":"https:\/\/www.forum-soegel.de\/information\/wp-json\/wp\/v2\/comments?post=20291"}],"version-history":[{"count":1,"href":"https:\/\/www.forum-soegel.de\/information\/wp-json\/wp\/v2\/posts\/20291\/revisions"}],"predecessor-version":[{"id":20293,"href":"https:\/\/www.forum-soegel.de\/information\/wp-json\/wp\/v2\/posts\/20291\/revisions\/20293"}],"wp:attachment":[{"href":"https:\/\/www.forum-soegel.de\/information\/wp-json\/wp\/v2\/media?parent=20291"}],"wp:term":[{"taxonomy":"category","embeddable":true,"href":"https:\/\/www.forum-soegel.de\/information\/wp-json\/wp\/v2\/categories?post=20291"},{"taxonomy":"post_tag","embeddable":true,"href":"https:\/\/www.forum-soegel.de\/information\/wp-json\/wp\/v2\/tags?post=20291"}],"curies":[{"name":"wp","href":"https:\/\/api.w.org\/{rel}","templated":true}]}}