{"id":20288,"date":"2016-12-25T18:21:33","date_gmt":"2016-12-25T17:21:33","guid":{"rendered":"https:\/\/www.forum-soegel.de\/information\/?p=20288"},"modified":"2016-12-25T18:21:33","modified_gmt":"2016-12-25T17:21:33","slug":"erstbezug-im-haus-der-genossenschaft-fur-menschen-in-not","status":"publish","type":"post","link":"https:\/\/www.forum-soegel.de\/information\/2016\/12\/erstbezug-im-haus-der-genossenschaft-fur-menschen-in-not\/","title":{"rendered":"Erstbezug im Haus der Genossenschaft f\u00fcr Menschen in Not"},"content":{"rendered":"<p><a href=\"https:\/\/www.forum-soegel.de\/information\/wp-content\/uploads\/2016\/12\/Erstbezug-im-Haus-der-Genossenschaft-f\u00fcr-Menschen-in-Not.jpg\"><img loading=\"lazy\" decoding=\"async\" class=\"alignleft size-thumbnail wp-image-20289\" title=\"Erstbezug im Haus der Genossenschaft f\u00fcr Menschen in Not\" src=\"https:\/\/www.forum-soegel.de\/information\/wp-content\/uploads\/2016\/12\/Erstbezug-im-Haus-der-Genossenschaft-f\u00fcr-Menschen-in-Not-150x150.jpg\" alt=\"\" width=\"150\" height=\"150\" \/><\/a>S\u00f6gel &#8211; Anfang November zogen die ersten Mieter in das Mietshaus der \u201eWillkommen in S\u00f6gel e.G. \u2013 B\u00fcrgergenossenschaft f\u00fcr Menschen in Not\u201c \u00a0an der Sigiltrastra\u00dfe ein. Eine weitere Familie wird im Dezember folgen. Dann ist das erst k\u00fcrzlich fertiggestellte erste Mietshaus der Genossenschaft komplett bewohnt. Vertreter des Vorstandes und des Aufsichtsrates begr\u00fc\u00dften die neuen Mieter mit \u201eSalz und Brot\u201c sowie einem Teddyb\u00e4r.<\/p>\n<p>Die Fl\u00fcchtlingsfamilien, die in dieses Haus einzogen, waren sichtlich erfreut \u00fcber den Willkommensempfang. Zugezogen aus behelfsm\u00e4\u00dfigen Mietwohnungen aus S\u00f6gel seien sie jetzt endlich richtig angekommen: \u201eJetzt haben wir ein Zuhause, in dem wir bleiben k\u00f6nnen.\u201c Gepr\u00e4gt durch die Flucht, auf der sie h\u00e4ufig nur in notd\u00fcrftigen Unterk\u00fcnften, teilweise auch im Freien \u00fcbernachten mussten, seien diese Wohnungen ein Geschenk f\u00fcr sie. Durch den neuen Wohnraum konnte eine Familie zusammengef\u00fchrt werden, die bisher getrennt leben musste.<\/p>\n<p>Mit dem Bau des Hauses ist erst zu Beginn dieses Jahres begonnen worden. \u201eDie Fl\u00fcchtlingsfamilien sind endlich bei uns angekommen. Wir k\u00f6nnen ihnen eigene Wohnr\u00e4ume bieten, in denen sie ihre zum Teil sehr traumatischen Erlebnisse von der Flucht verarbeiten k\u00f6nnen\u201c, berichtete Vorstandsmitglied Irmgard Welling, die in Verbindung zu den Familien steht. \u201eJetzt freuen sie sich auf einen ganz normalen Alltag und wollen gerne Kontakte zu den S\u00f6geler B\u00fcrgern kn\u00fcpfen.\u201c Je Wohnung gibt es drei Schlafzimmer, ein Bad und eine Wohnk\u00fcche.<\/p>\n<p>\u201eFl\u00fcchtlinge sind unser erstes Ziel\u201c, sagt Franz Klawitter, ebenfalls Vorstandsmitglied der \u201eWillkommen in S\u00f6gel eG \u2013 B\u00fcrgergenossenschaft f\u00fcr Menschen in Not\u201c. In der Genossenschaftssatzung ist seit der Gr\u00fcndung im September 2015 verankert, dass sich vorrangig gefl\u00fcchtete Menschen in den geplanten insgesamt 17 Wohnungen, verteilt auf drei H\u00e4user, einmieten sollen, grunds\u00e4tzlich aber Personen mit dringendem Wohnungsbedarf.<\/p>\n<p>Das zweite Haus der Genossenschaft in der von-Steuben-Stra\u00dfe steht bereits und ist Ende des Jahres bezugsfertig. Die Genossenschaft hat derzeit 270 Mitglieder, die rund 1,3 Millionen Euro investiert haben.<\/p>\n<p>Text\/Foto: Ingrid Cloppenburg<\/p>\n","protected":false},"excerpt":{"rendered":"S\u00f6gel &#8211; Anfang November zogen die ersten Mieter in das Mietshaus der \u201eWillkommen in S\u00f6gel e.G. \u2013 B\u00fcrgergenossenschaft f\u00fcr Menschen in Not\u201c \u00a0an der Sigiltrastra\u00dfe ein. Eine weitere Familie wird im Dezember folgen. Dann ist das erst k\u00fcrzlich fertiggestellte erste Mietshaus der Genossenschaft komplett bewohnt. Vertreter des Vorstandes und des Aufsichtsrates begr\u00fc\u00dften die neuen Mieter [&hellip;]\n","protected":false},"author":2,"featured_media":0,"comment_status":"closed","ping_status":"closed","sticky":false,"template":"","format":"standard","meta":{"ngg_post_thumbnail":0,"footnotes":""},"categories":[3],"tags":[],"class_list":["post-20288","post","type-post","status-publish","format-standard","hentry","category-aktuelles-aus-der-region"],"_links":{"self":[{"href":"https:\/\/www.forum-soegel.de\/information\/wp-json\/wp\/v2\/posts\/20288","targetHints":{"allow":["GET"]}}],"collection":[{"href":"https:\/\/www.forum-soegel.de\/information\/wp-json\/wp\/v2\/posts"}],"about":[{"href":"https:\/\/www.forum-soegel.de\/information\/wp-json\/wp\/v2\/types\/post"}],"author":[{"embeddable":true,"href":"https:\/\/www.forum-soegel.de\/information\/wp-json\/wp\/v2\/users\/2"}],"replies":[{"embeddable":true,"href":"https:\/\/www.forum-soegel.de\/information\/wp-json\/wp\/v2\/comments?post=20288"}],"version-history":[{"count":1,"href":"https:\/\/www.forum-soegel.de\/information\/wp-json\/wp\/v2\/posts\/20288\/revisions"}],"predecessor-version":[{"id":20290,"href":"https:\/\/www.forum-soegel.de\/information\/wp-json\/wp\/v2\/posts\/20288\/revisions\/20290"}],"wp:attachment":[{"href":"https:\/\/www.forum-soegel.de\/information\/wp-json\/wp\/v2\/media?parent=20288"}],"wp:term":[{"taxonomy":"category","embeddable":true,"href":"https:\/\/www.forum-soegel.de\/information\/wp-json\/wp\/v2\/categories?post=20288"},{"taxonomy":"post_tag","embeddable":true,"href":"https:\/\/www.forum-soegel.de\/information\/wp-json\/wp\/v2\/tags?post=20288"}],"curies":[{"name":"wp","href":"https:\/\/api.w.org\/{rel}","templated":true}]}}