{"id":20285,"date":"2016-12-25T18:20:33","date_gmt":"2016-12-25T17:20:33","guid":{"rendered":"https:\/\/www.forum-soegel.de\/information\/?p=20285"},"modified":"2016-12-25T18:20:33","modified_gmt":"2016-12-25T17:20:33","slug":"ehrungen-und-beforderungen-bei-der-feuerwehr-spahnharrenstatte","status":"publish","type":"post","link":"https:\/\/www.forum-soegel.de\/information\/2016\/12\/ehrungen-und-beforderungen-bei-der-feuerwehr-spahnharrenstatte\/","title":{"rendered":"Ehrungen und Bef\u00f6rderungen bei der Feuerwehr Spahnharrenst\u00e4tte"},"content":{"rendered":"<p>Spahnharrenst\u00e4tte &#8211; Im Mittelpunkt des Feuerwehrfestes in Spahnharrenst\u00e4tte stand die Ehrung langj\u00e4hriger Mitglieder und die Bef\u00f6rderung mehrerer Feuerwehrleute. Nach der Feuerwehrmesse mit Kaplan Risse begr\u00fc\u00dfte Ortsbrandmeister Alfons Baalmann zahlreiche G\u00e4ste in L\u00fcns Hus zum Fest seiner Kameraden.<\/p>\n<p>Erster Samtgemeinderat Hans Nowak von der Samtgemeinde S\u00f6gel dankte den Feuerwehrleuten ebenso wie B\u00fcrgermeister Reinhard Timpker f\u00fcr ihren ehrenamtlichen Dienst am N\u00e4chsten. Nowak \u00fcberreichte Ortsbrandmeister Alfons Baalmann und seinem Vertreters Arno Will die Ernennungsurkunde f\u00fcr eine weitere Wahlperiode als F\u00fchrungskr\u00e4fte der Wehr.<\/p>\n<p>Aus der Hand des Gesch\u00e4ftsf\u00fchrers des Kreisfeuerwehrverbandes Aschendorf-H\u00fcmmling, Lambert Brand, erhielt Bernhard Tholen das Abzeichen des Landesfeuerwehrverbandes f\u00fcr 50-j\u00e4hrige Mitgliedschaft. Hermann Meyer wurde f\u00fcr seine 40-j\u00e4hrige aktive Arbeit in der Feuerwehr mit dem Nieders\u00e4chsischen Ehrenzeichen in Gold ausgezeichnet. Martin P\u00fclsken ist 25 Jahre aktiv und erhielt das Ehrenzeichen in Silber. Brand betonte, dass beide neben der normalen Feuerwehrarbeit noch \u00fcber\u00f6rtlich Verantwortung \u00fcbernehmen. Der Feuerwehr best\u00e4tigte Brand, vor allem auch dem Aspekten \u201eAusbildung\u201c einen hohen Stellenwert einzur\u00e4umen.<\/p>\n<p>Bef\u00f6rderungsurkunden nahmen folgende Kameraden aus der Hand von Gemeindebrandmeister Heinz L\u00fcckenjans und Ortsbrandmeister Baalmann entgegen: Dieter Steenken und Martin P\u00fclsken (L\u00f6schmeister), Heiko Micksch (1. Hauptfeuerwehrmann), Michael Gr\u00f6nheim und G\u00fcnter Goldenstein (Feuerwehrmann). L\u00fcckenjans hob ebenfalls die Leistungsf\u00e4higkeit der Spahnharrenst\u00e4tte Wehr hervor. Die Geehrten und Bef\u00f6rderten stellten sich zusammen mit ihren Partnerinnen und den Ehreng\u00e4sten der Kamera.<\/p>\n<p>Text\/Foto: Achim Will, Feuerwehr Spahnharrenst\u00e4tte<\/p>\n<p><a href=\"https:\/\/www.forum-soegel.de\/information\/wp-content\/uploads\/2016\/12\/Ehrungen-und-Bef\u00f6rderungen-bei-der-Feuerwehr-Spahnharrenst\u00e4tte.jpg\"><img loading=\"lazy\" decoding=\"async\" class=\"alignnone size-medium wp-image-20286\" title=\"Ehrungen und Bef\u00f6rderungen bei der Feuerwehr Spahnharrenst\u00e4tte\" src=\"https:\/\/www.forum-soegel.de\/information\/wp-content\/uploads\/2016\/12\/Ehrungen-und-Bef\u00f6rderungen-bei-der-Feuerwehr-Spahnharrenst\u00e4tte-300x130.jpg\" alt=\"\" width=\"300\" height=\"130\" srcset=\"https:\/\/www.forum-soegel.de\/information\/wp-content\/uploads\/2016\/12\/Ehrungen-und-Bef\u00f6rderungen-bei-der-Feuerwehr-Spahnharrenst\u00e4tte-300x130.jpg 300w, https:\/\/www.forum-soegel.de\/information\/wp-content\/uploads\/2016\/12\/Ehrungen-und-Bef\u00f6rderungen-bei-der-Feuerwehr-Spahnharrenst\u00e4tte.jpg 1024w\" sizes=\"auto, (max-width: 300px) 100vw, 300px\" \/><\/a><\/p>\n<p><strong>\u00a0<\/strong><\/p>\n","protected":false},"excerpt":{"rendered":"Spahnharrenst\u00e4tte &#8211; Im Mittelpunkt des Feuerwehrfestes in Spahnharrenst\u00e4tte stand die Ehrung langj\u00e4hriger Mitglieder und die Bef\u00f6rderung mehrerer Feuerwehrleute. Nach der Feuerwehrmesse mit Kaplan Risse begr\u00fc\u00dfte Ortsbrandmeister Alfons Baalmann zahlreiche G\u00e4ste in L\u00fcns Hus zum Fest seiner Kameraden. Erster Samtgemeinderat Hans Nowak von der Samtgemeinde S\u00f6gel dankte den Feuerwehrleuten ebenso wie B\u00fcrgermeister Reinhard Timpker f\u00fcr ihren [&hellip;]\n","protected":false},"author":2,"featured_media":0,"comment_status":"closed","ping_status":"closed","sticky":false,"template":"","format":"standard","meta":{"ngg_post_thumbnail":0,"footnotes":""},"categories":[3],"tags":[],"class_list":["post-20285","post","type-post","status-publish","format-standard","hentry","category-aktuelles-aus-der-region"],"_links":{"self":[{"href":"https:\/\/www.forum-soegel.de\/information\/wp-json\/wp\/v2\/posts\/20285","targetHints":{"allow":["GET"]}}],"collection":[{"href":"https:\/\/www.forum-soegel.de\/information\/wp-json\/wp\/v2\/posts"}],"about":[{"href":"https:\/\/www.forum-soegel.de\/information\/wp-json\/wp\/v2\/types\/post"}],"author":[{"embeddable":true,"href":"https:\/\/www.forum-soegel.de\/information\/wp-json\/wp\/v2\/users\/2"}],"replies":[{"embeddable":true,"href":"https:\/\/www.forum-soegel.de\/information\/wp-json\/wp\/v2\/comments?post=20285"}],"version-history":[{"count":1,"href":"https:\/\/www.forum-soegel.de\/information\/wp-json\/wp\/v2\/posts\/20285\/revisions"}],"predecessor-version":[{"id":20287,"href":"https:\/\/www.forum-soegel.de\/information\/wp-json\/wp\/v2\/posts\/20285\/revisions\/20287"}],"wp:attachment":[{"href":"https:\/\/www.forum-soegel.de\/information\/wp-json\/wp\/v2\/media?parent=20285"}],"wp:term":[{"taxonomy":"category","embeddable":true,"href":"https:\/\/www.forum-soegel.de\/information\/wp-json\/wp\/v2\/categories?post=20285"},{"taxonomy":"post_tag","embeddable":true,"href":"https:\/\/www.forum-soegel.de\/information\/wp-json\/wp\/v2\/tags?post=20285"}],"curies":[{"name":"wp","href":"https:\/\/api.w.org\/{rel}","templated":true}]}}