{"id":20282,"date":"2016-12-25T18:19:28","date_gmt":"2016-12-25T17:19:28","guid":{"rendered":"https:\/\/www.forum-soegel.de\/information\/?p=20282"},"modified":"2016-12-25T18:19:28","modified_gmt":"2016-12-25T17:19:28","slug":"ehrungen-fur-langjahrige-ratsarbeit","status":"publish","type":"post","link":"https:\/\/www.forum-soegel.de\/information\/2016\/12\/ehrungen-fur-langjahrige-ratsarbeit\/","title":{"rendered":"Ehrungen f\u00fcr langj\u00e4hrige Ratsarbeit"},"content":{"rendered":"<p>Stavern &#8211; In der letzten Ratssitzung der aktuellen Wahlperiode wurden verdiente Ratsmitglieder geehrt. Zwanzig Jahre im Rat t\u00e4tig sind der jetzige B\u00fcrgermeister Helmut Rawe sowie der Ratsherr Reinhold Kuschmierz. Der Fraktionsvorsitzende der UWG Stavern Gerd Rode wurde f\u00fcr seine 30-j\u00e4hrige Arbeit im Rat geehrt.<\/p>\n<p>Erster Samtgemeinderat Hans Nowak \u00fcbergab die entsprechenden Urkunden des Nieders\u00e4chsischen St\u00e4dte- und Gemeindebundes dazu. Rode erhielt zudem eine silberne Ehrennadel.<\/p>\n<p>Nowak hob in seiner Laudatio hervor, dass alle Geehrten stets mit viel Energie, oftmals mit Leidenschaft und mit Augenma\u00df zum Wohle der Gemeinde Stavern und ihrer B\u00fcrgerinnen und B\u00fcrger gewirkt haben. \u201eSie sind vor langer Zeit in die Kommunalpolitik gegangen, um etwas zu bewegen. Damit haben sie Verantwortung \u00fcbernommen und f\u00fcr die Gemeinschaft in Stavern gewirkt\u201c, so Nowak.<\/p>\n<p>Er sprach den Ratsmitgliedern Dank und Anerkennung aus daf\u00fcr, dass sie bereit waren, viel von der eigenen Freizeit, den eigenen Ideen und Kr\u00e4ften aufzuwenden, um dieser ehrenamtlichen Aufgabe nachzukommen. \u201eOhne ein solches ehrenamtliches Engagement, ohne den Einsatz unseres oftmals kostbarsten Gutes, unserer Zeit, ist kommunale Selbstverwaltung gar nicht denkbar!\u201c Er wisse aber auch, dass Kommunalpolitik, an welcher Stelle man auch immer t\u00e4tig ist, nicht nur Zeit kostet, sondern einem auch etwas zur\u00fcckgibt. \u201eEs ist eine sch\u00f6ne Aufgabe und bereitet Freude, den eigenen Lebensraum gestalten zu k\u00f6nnen und zu sehen, wie sich durch eigenes Zutun die Dinge positiv entwickeln.\u201c<\/p>\n<p>B\u00fcrgermeister Helmut Rawe gratulierte ebenfalls zum langj\u00e4hrigen Wirken der Ratsmitglieder und bedankte sich zugleich bei den aus dem Rat ausscheidenden Ratsherren Bernhad Lammers, Hermann Wester und Lothar Kubath mit einem Blumenstrau\u00df.<\/p>\n<p>Text: Ingrid Cloppenburg \/ Foto: Samtgemeinde S\u00f6gel<\/p>\n<div id=\"attachment_20283\" style=\"width: 310px\" class=\"wp-caption alignnone\"><a href=\"https:\/\/www.forum-soegel.de\/information\/wp-content\/uploads\/2016\/12\/Ehrungen-f\u00fcr-langj\u00e4hrige-Ratsarbeit.jpg\"><img loading=\"lazy\" decoding=\"async\" aria-describedby=\"caption-attachment-20283\" class=\"size-medium wp-image-20283\" title=\"Ehrungen f\u00fcr langj\u00e4hrige Ratsarbeit\" src=\"https:\/\/www.forum-soegel.de\/information\/wp-content\/uploads\/2016\/12\/Ehrungen-f\u00fcr-langj\u00e4hrige-Ratsarbeit-300x150.jpg\" alt=\"\" width=\"300\" height=\"150\" srcset=\"https:\/\/www.forum-soegel.de\/information\/wp-content\/uploads\/2016\/12\/Ehrungen-f\u00fcr-langj\u00e4hrige-Ratsarbeit-300x150.jpg 300w, https:\/\/www.forum-soegel.de\/information\/wp-content\/uploads\/2016\/12\/Ehrungen-f\u00fcr-langj\u00e4hrige-Ratsarbeit.jpg 1024w\" sizes=\"auto, (max-width: 300px) 100vw, 300px\" \/><\/a><p id=\"caption-attachment-20283\" class=\"wp-caption-text\">v.l. Erster Samtgemeinderat Hans Nowak sowie Ratsmitglieder Bernhard Lammers, Helmut Rawe, Hermann Wester, Reinhold Kuschmierz und Lothar Kubath.<\/p><\/div>\n<p>&nbsp;<\/p>\n","protected":false},"excerpt":{"rendered":"Stavern &#8211; In der letzten Ratssitzung der aktuellen Wahlperiode wurden verdiente Ratsmitglieder geehrt. Zwanzig Jahre im Rat t\u00e4tig sind der jetzige B\u00fcrgermeister Helmut Rawe sowie der Ratsherr Reinhold Kuschmierz. Der Fraktionsvorsitzende der UWG Stavern Gerd Rode wurde f\u00fcr seine 30-j\u00e4hrige Arbeit im Rat geehrt. Erster Samtgemeinderat Hans Nowak \u00fcbergab die entsprechenden Urkunden des Nieders\u00e4chsischen St\u00e4dte- [&hellip;]\n","protected":false},"author":2,"featured_media":0,"comment_status":"closed","ping_status":"closed","sticky":false,"template":"","format":"standard","meta":{"ngg_post_thumbnail":0,"footnotes":""},"categories":[3],"tags":[],"class_list":["post-20282","post","type-post","status-publish","format-standard","hentry","category-aktuelles-aus-der-region"],"_links":{"self":[{"href":"https:\/\/www.forum-soegel.de\/information\/wp-json\/wp\/v2\/posts\/20282","targetHints":{"allow":["GET"]}}],"collection":[{"href":"https:\/\/www.forum-soegel.de\/information\/wp-json\/wp\/v2\/posts"}],"about":[{"href":"https:\/\/www.forum-soegel.de\/information\/wp-json\/wp\/v2\/types\/post"}],"author":[{"embeddable":true,"href":"https:\/\/www.forum-soegel.de\/information\/wp-json\/wp\/v2\/users\/2"}],"replies":[{"embeddable":true,"href":"https:\/\/www.forum-soegel.de\/information\/wp-json\/wp\/v2\/comments?post=20282"}],"version-history":[{"count":1,"href":"https:\/\/www.forum-soegel.de\/information\/wp-json\/wp\/v2\/posts\/20282\/revisions"}],"predecessor-version":[{"id":20284,"href":"https:\/\/www.forum-soegel.de\/information\/wp-json\/wp\/v2\/posts\/20282\/revisions\/20284"}],"wp:attachment":[{"href":"https:\/\/www.forum-soegel.de\/information\/wp-json\/wp\/v2\/media?parent=20282"}],"wp:term":[{"taxonomy":"category","embeddable":true,"href":"https:\/\/www.forum-soegel.de\/information\/wp-json\/wp\/v2\/categories?post=20282"},{"taxonomy":"post_tag","embeddable":true,"href":"https:\/\/www.forum-soegel.de\/information\/wp-json\/wp\/v2\/tags?post=20282"}],"curies":[{"name":"wp","href":"https:\/\/api.w.org\/{rel}","templated":true}]}}