{"id":20280,"date":"2016-12-25T18:16:56","date_gmt":"2016-12-25T17:16:56","guid":{"rendered":"https:\/\/www.forum-soegel.de\/information\/?p=20280"},"modified":"2016-12-25T20:05:54","modified_gmt":"2016-12-25T19:05:54","slug":"dokumentation-uber-realschule-sogel-wieder-erhaltlich","status":"publish","type":"post","link":"https:\/\/www.forum-soegel.de\/information\/2016\/12\/dokumentation-uber-realschule-sogel-wieder-erhaltlich\/","title":{"rendered":"Dokumentation \u00fcber Realschule S\u00f6gel wieder erh\u00e4ltlich"},"content":{"rendered":"<p><a href=\"https:\/\/www.forum-soegel.de\/information\/wp-content\/uploads\/2016\/12\/Realschule.jpg\"><img loading=\"lazy\" decoding=\"async\" class=\"alignleft size-medium wp-image-20475\" title=\"Realschule\" src=\"https:\/\/www.forum-soegel.de\/information\/wp-content\/uploads\/2016\/12\/Realschule-300x270.jpg\" alt=\"\" width=\"300\" height=\"270\" srcset=\"https:\/\/www.forum-soegel.de\/information\/wp-content\/uploads\/2016\/12\/Realschule-300x270.jpg 300w, https:\/\/www.forum-soegel.de\/information\/wp-content\/uploads\/2016\/12\/Realschule.jpg 743w\" sizes=\"auto, (max-width: 300px) 100vw, 300px\" \/><\/a>S\u00f6gel &#8211; Die von Wolfgang Hoffmann verfasste Dokumentation der Hedwig-, Mittel- und Realschule S\u00f6gel ist ab <span style=\"text-decoration: underline;\">sofort<\/span> wieder zu erwerben.<\/p>\n<p>Die heutige Oberschule S\u00f6gel bietet sie f\u00fcr 20 Euro (280 Seiten) in den Sekretariaten der Oberschule, Telefon: 05952\/9693630 und 05952\/969360; E-Mail: arling@obs-soegel.de\u00a0 \u00a0\u00a0und\u00a0 info@obs-soegel.de\u00a0 sowie bei der Tourist-Information S\u00f6gel, Am Markt 2,\u00a0 an.<\/p>\n<p>Die Daten-, Fakten- und Foto-Dokumentation bezieht sich auf die Schulgeschichte, auf Schulordnungen und Abschlussqualifikationen.<\/p>\n<p>Sch\u00fcler, Kollegien und Mitarbeiter, Schulleiter und Schulgeb\u00e4ude werden ebenso beschrieben wie die Geschichte der Hedwigschule und der Hedwigkapelle.<\/p>\n<p>Chronologisch erfasst sind alle Mittelschul- bzw. Realschulabsolventen von 1940 bis 2009.<\/p>\n<p>In den meisten F\u00e4llen sind sie mit ihren Klassenlehrern mit Foto abgebildet.<\/p>\n<p>Jeder ehemalige Absolvent kann sich hoffentlich auf einem Foto wiedererkennen.<\/p>\n<p>Text: Oberschule S\u00f6gel<\/p>\n<p>&nbsp;<\/p>\n<p>&nbsp;<\/p>\n<p>&nbsp;<\/p>\n","protected":false},"excerpt":{"rendered":"S\u00f6gel &#8211; Die von Wolfgang Hoffmann verfasste Dokumentation der Hedwig-, Mittel- und Realschule S\u00f6gel ist ab sofort wieder zu erwerben. Die heutige Oberschule S\u00f6gel bietet sie f\u00fcr 20 Euro (280 Seiten) in den Sekretariaten der Oberschule, Telefon: 05952\/9693630 und 05952\/969360; E-Mail: arling@obs-soegel.de\u00a0 \u00a0\u00a0und\u00a0 info@obs-soegel.de\u00a0 sowie bei der Tourist-Information S\u00f6gel, Am Markt 2,\u00a0 an. Die Daten-, [&hellip;]\n","protected":false},"author":2,"featured_media":0,"comment_status":"closed","ping_status":"closed","sticky":false,"template":"","format":"standard","meta":{"ngg_post_thumbnail":0,"footnotes":""},"categories":[3],"tags":[],"class_list":["post-20280","post","type-post","status-publish","format-standard","hentry","category-aktuelles-aus-der-region"],"_links":{"self":[{"href":"https:\/\/www.forum-soegel.de\/information\/wp-json\/wp\/v2\/posts\/20280","targetHints":{"allow":["GET"]}}],"collection":[{"href":"https:\/\/www.forum-soegel.de\/information\/wp-json\/wp\/v2\/posts"}],"about":[{"href":"https:\/\/www.forum-soegel.de\/information\/wp-json\/wp\/v2\/types\/post"}],"author":[{"embeddable":true,"href":"https:\/\/www.forum-soegel.de\/information\/wp-json\/wp\/v2\/users\/2"}],"replies":[{"embeddable":true,"href":"https:\/\/www.forum-soegel.de\/information\/wp-json\/wp\/v2\/comments?post=20280"}],"version-history":[{"count":2,"href":"https:\/\/www.forum-soegel.de\/information\/wp-json\/wp\/v2\/posts\/20280\/revisions"}],"predecessor-version":[{"id":20476,"href":"https:\/\/www.forum-soegel.de\/information\/wp-json\/wp\/v2\/posts\/20280\/revisions\/20476"}],"wp:attachment":[{"href":"https:\/\/www.forum-soegel.de\/information\/wp-json\/wp\/v2\/media?parent=20280"}],"wp:term":[{"taxonomy":"category","embeddable":true,"href":"https:\/\/www.forum-soegel.de\/information\/wp-json\/wp\/v2\/categories?post=20280"},{"taxonomy":"post_tag","embeddable":true,"href":"https:\/\/www.forum-soegel.de\/information\/wp-json\/wp\/v2\/tags?post=20280"}],"curies":[{"name":"wp","href":"https:\/\/api.w.org\/{rel}","templated":true}]}}