{"id":20278,"date":"2016-12-25T18:15:08","date_gmt":"2016-12-25T17:15:08","guid":{"rendered":"https:\/\/www.forum-soegel.de\/information\/?p=20278"},"modified":"2016-12-25T20:02:58","modified_gmt":"2016-12-25T19:02:58","slug":"der-hummling-im-spiegel-der-50er-und-60er-jahre%e2%80%9c","status":"publish","type":"post","link":"https:\/\/www.forum-soegel.de\/information\/2016\/12\/der-hummling-im-spiegel-der-50er-und-60er-jahre%e2%80%9c\/","title":{"rendered":"Der H\u00fcmmling im Spiegel der 50er und 60er Jahre\u201c"},"content":{"rendered":"<p style=\"text-align: left;\" align=\"center\"><strong>&#8211; Ausstellung und Bildband &#8211;<\/strong><\/p>\n<p>S\u00f6gel &#8211; Dank der Nachl\u00e4sse von H\u00fcmmlinger Fotografen, insbesondere des S\u00f6gelers Werner Holtmann ist es gelungen, eine Ausstellung sowie einen Bildband zu pr\u00e4sentieren, welche die Nachkriegs-Jahrzehnte eindrucksvoll widerspiegeln. Der Wandel in vielerlei Lebensbereichen soll damit dokumentiert werden. Ob Dorfleben, ob Brauchtum, ob Handel, Gewerbe und Vereine, dies sind nur einige Beispiele, die die Entwicklung auf dem H\u00fcmmling aufzeigen sollen. Der Betrachter der Bilder wird mitgenommen auf eine Zeitreise in die 50er und 60er Jahre und wird sicherlich so manches Mal erstaunt sein, wie und was sich alles seither ver\u00e4ndert hat. Erkl\u00e4rte Absicht des FORUMs S\u00f6gel e.V. ist es, die Leistungen der damaligen Generation beim Wiederaufbau und der Entwicklung der Region mit Respekt und Anerkennung zu w\u00fcrdigen, dar\u00fcber hinaus zu interessanten Gespr\u00e4chen zu f\u00fchren zwischen<\/p>\n<p>\u201eAlt und Jung\u201c und damit die Angeh\u00f6rigen der Kinder- und Enkelgenerationen zu gesellschaftlichem und politischem Engagement in Gegenwart und Zukunft anzuregen. Alleine der Nachlass von Werner Holtmann umfasst ca. 50.000 Fotos, die vom FORUM -Team unter der Leitung von Hermann Wichmann ausgewertet und bearbeitet wurden. Da die Bilder nicht in Archivregalen verschwinden sollen, stehen sie f\u00fcr diverse Zwecke zuk\u00fcnftig zur Verf\u00fcgung, zum Bespiel f\u00fcr Familienforschung, Vereins- und Firmengeschichte.<\/p>\n<p>Die Ausstellung ist ge\u00f6ffnet vom 28. November bis zum 27. Dezember 2016 im Foyer des Rathauses im Ludmillenhof.<\/p>\n<p>Der Bildband umfasst 256 Seiten, ist in Hardcover &#8211; Ausf\u00fchrung gebunden und ab dem 28. November 2016 f\u00fcr den Einzelpreis von EURO 19,00 erh\u00e4ltlich beim FORUM S\u00f6gel e. V. sowie bei Schreibwaren L\u00fcbs in S\u00f6gel.<\/p>\n<p>Text: Bernd Eggert<\/p>\n<p><a href=\"https:\/\/www.forum-soegel.de\/information\/wp-content\/uploads\/2016\/12\/Der-H\u00fcmmling1.jpg\"><img loading=\"lazy\" decoding=\"async\" class=\"alignnone size-medium wp-image-20472\" title=\"Der H\u00fcmmling\" src=\"https:\/\/www.forum-soegel.de\/information\/wp-content\/uploads\/2016\/12\/Der-H\u00fcmmling1-300x168.jpg\" alt=\"\" width=\"300\" height=\"168\" srcset=\"https:\/\/www.forum-soegel.de\/information\/wp-content\/uploads\/2016\/12\/Der-H\u00fcmmling1-300x168.jpg 300w, https:\/\/www.forum-soegel.de\/information\/wp-content\/uploads\/2016\/12\/Der-H\u00fcmmling1-1024x576.jpg 1024w, https:\/\/www.forum-soegel.de\/information\/wp-content\/uploads\/2016\/12\/Der-H\u00fcmmling1.jpg 1600w\" sizes=\"auto, (max-width: 300px) 100vw, 300px\" \/><\/a><\/p>\n<p>&nbsp;<\/p>\n","protected":false},"excerpt":{"rendered":"&#8211; Ausstellung und Bildband &#8211; S\u00f6gel &#8211; Dank der Nachl\u00e4sse von H\u00fcmmlinger Fotografen, insbesondere des S\u00f6gelers Werner Holtmann ist es gelungen, eine Ausstellung sowie einen Bildband zu pr\u00e4sentieren, welche die Nachkriegs-Jahrzehnte eindrucksvoll widerspiegeln. Der Wandel in vielerlei Lebensbereichen soll damit dokumentiert werden. Ob Dorfleben, ob Brauchtum, ob Handel, Gewerbe und Vereine, dies sind nur einige [&hellip;]\n","protected":false},"author":2,"featured_media":0,"comment_status":"closed","ping_status":"closed","sticky":false,"template":"","format":"standard","meta":{"ngg_post_thumbnail":0,"footnotes":""},"categories":[5],"tags":[],"class_list":["post-20278","post","type-post","status-publish","format-standard","hentry","category-was-machen-die-vereine"],"_links":{"self":[{"href":"https:\/\/www.forum-soegel.de\/information\/wp-json\/wp\/v2\/posts\/20278","targetHints":{"allow":["GET"]}}],"collection":[{"href":"https:\/\/www.forum-soegel.de\/information\/wp-json\/wp\/v2\/posts"}],"about":[{"href":"https:\/\/www.forum-soegel.de\/information\/wp-json\/wp\/v2\/types\/post"}],"author":[{"embeddable":true,"href":"https:\/\/www.forum-soegel.de\/information\/wp-json\/wp\/v2\/users\/2"}],"replies":[{"embeddable":true,"href":"https:\/\/www.forum-soegel.de\/information\/wp-json\/wp\/v2\/comments?post=20278"}],"version-history":[{"count":2,"href":"https:\/\/www.forum-soegel.de\/information\/wp-json\/wp\/v2\/posts\/20278\/revisions"}],"predecessor-version":[{"id":20473,"href":"https:\/\/www.forum-soegel.de\/information\/wp-json\/wp\/v2\/posts\/20278\/revisions\/20473"}],"wp:attachment":[{"href":"https:\/\/www.forum-soegel.de\/information\/wp-json\/wp\/v2\/media?parent=20278"}],"wp:term":[{"taxonomy":"category","embeddable":true,"href":"https:\/\/www.forum-soegel.de\/information\/wp-json\/wp\/v2\/categories?post=20278"},{"taxonomy":"post_tag","embeddable":true,"href":"https:\/\/www.forum-soegel.de\/information\/wp-json\/wp\/v2\/tags?post=20278"}],"curies":[{"name":"wp","href":"https:\/\/api.w.org\/{rel}","templated":true}]}}