{"id":20270,"date":"2016-12-25T18:11:08","date_gmt":"2016-12-25T17:11:08","guid":{"rendered":"https:\/\/www.forum-soegel.de\/information\/?p=20270"},"modified":"2016-12-25T18:11:08","modified_gmt":"2016-12-25T17:11:08","slug":"burgermeisterin-hedwig-fust-sanders-nach-25-jahren-ratsarbeit-verabschiedet","status":"publish","type":"post","link":"https:\/\/www.forum-soegel.de\/information\/2016\/12\/burgermeisterin-hedwig-fust-sanders-nach-25-jahren-ratsarbeit-verabschiedet\/","title":{"rendered":"B\u00fcrgermeisterin Hedwig Fust-Sanders nach 25 Jahren Ratsarbeit verabschiedet"},"content":{"rendered":"<p style=\"text-align: left;\" align=\"center\"><strong>Wigbers lobt besonderes Engagement der B\u00fcrgermeisterin<\/strong><\/p>\n<p style=\"text-align: left;\" align=\"center\"><strong><\/strong>H\u00fcven &#8211; Die B\u00fcrgermeisterin der Gemeinde H\u00fcven, Hedwig Fust-Sanders, wurde im Anschluss an ihre letzte Ratssitzung feierlich verabschiedet. Fust-Sanders stand bei der Kommunalwahl im September f\u00fcr eine weitere Legislaturperiode nicht zur Verf\u00fcgung.\u00a0 Sie hat 25 Jahre die Geschicke der Gemeinde H\u00fcven mitgestaltet. Zuerst als Ratsfrau, von 2001 bis 2006 als erste stellvertretende B\u00fcrgermeisterin, dann seit 10 \u00a0Jahren als B\u00fcrgermeisterin.<\/p>\n<p>Die erste stellvertretende B\u00fcrgermeisterin Simone Borgmann dankte in ihrer Ansprache Fust-Sanders f\u00fcr ihre stete Einsatzbereitschaft und die gute Zusammenarbeit. \u201eBei uns waren die Ratssitzungen mal laut mal leise, nicht immer waren wir uns zu Beginn einig in der Sache, aber letztendlich\u00a0 haben wir immer gute konstruktive Ergebnisse zum Wohle unserer B\u00fcrger gefunden. Daf\u00fcr gilt Dir ein ganz besonderer Dank\u201c, so Borgmann. Ebenfalls dankte sie Fust-Sanders f\u00fcr die gute \u00dcbergabe der Gemeindegesch\u00e4fte.<\/p>\n<p>Viel Lob gab es auch seitens der Samtgemeinde S\u00f6gel. So hob Samtgemeindeb\u00fcrgermeister G\u00fcnter Wigbers das Engagement von Fust-Sanders f\u00fcr die H\u00fcvener M\u00fchle besonders hervor. \u201eOhne Dich w\u00e4re die H\u00fcvener M\u00fchle heute nicht das, was sie ist: ein au\u00dferordentlich beachtenswertes Kleinod weit \u00fcber die Grenzen der Gemeinde H\u00fcven und der Samtgemeinde S\u00f6gel hinaus.\u201c\u00a0 Zudem bet\u00e4tige sie sich ehrenamtlich im H\u00fcvener M\u00fchlenverein. \u201eKeine Selbstverst\u00e4ndlichkeit\u201c, befand Wigbers.\u00a0 Auch beim Ergattern von Mitteln aus dem Leader-F\u00f6rderprogramm sei Fust-Sanders nicht unt\u00e4tig gewesen. So konnten mit Unterst\u00fctzung von Mitteln aus der Europ\u00e4ischen Union unter anderem das Kirchenumfeld in H\u00fcven und auch die Schulstra\u00dfe neu gestaltet werden<span style=\"text-decoration: line-through;\">. <\/span><\/p>\n<p>Courage und einen Blick f\u00fcr das \u201eGro\u00dfe und Ganze\u201c habe Fust-Sanders bei der Neustrukturierung der Kindergarten- und Schullandschaft der s\u00fcdlichen Gemeinden aus der Samtgemeinde S\u00f6gel in den vergangenen Jahren gezeigt. \u201eEs war sicherlich keine leichte Entscheidung f\u00fcr die Gemeinde H\u00fcven, auf einen Schulstandort zu verzichten. Doch letztendlich hat die Vernunft gesiegt. Daf\u00fcr geb\u00fchrt dem ganzen Gemeinderat mit seiner B\u00fcrgermeisterin Respekt\u201c, bescheinigte Wigbers der aus heutiger Sicht sehr weitblickenden Entscheidung.<\/p>\n<p>Fust-Sanders selbst bedankte sich bei allen Ratsmitgliedern und ihren Stellvertretern sowie beim Samtgemeindeb\u00fcrgermeister f\u00fcr die gute Zusammenarbeit. Einen gro\u00dfen Dank richtete sich auch an die Verwaltungsangestellte Rita Wester, die ihr dienstlich immer den R\u00fccken freige- halten habe.\u00a0 Sie erinnerte zudem an ihre Vorg\u00e4nger Heinz Lake und Wilfried Sandmann, deren Fu\u00dfspuren immer noch in H\u00fcven erkennbar seien und hoffte f\u00fcr sich, ebenfalls bleibende Werte f\u00fcr H\u00fcven geschaffen zu haben. Ihr sei es immer wichtig gewesen, \u00f6ffentliche Gelder und F\u00f6rdermittel f\u00fcr die Gemeinde H\u00fcven absch\u00f6pfen zu k\u00f6nnen. Sehr schmerzhaft sei ihr die Entscheidung gefallen, gegen einen Schul- und Kindergartenstandort f\u00fcr H\u00fcven mit dem Gemeinderat abzustimmen. \u201eAber aus p\u00e4dagogischer Sicht haben wir die richtigen Weichen gestellt \u2013 letztendlich z\u00e4hlt das Kindeswohl und nicht das Kirchturmdenken.\u201c<\/p>\n<p>Im weiteren Verlauf der kleinen Feierstunde wurden zudem die Ratsmitglieder Walter Menger, Wilhelm Geers und Bernd H\u00f6lken f\u00fcr ihre langj\u00e4hrigen Dienste im Gemeinderat geehrt. Sie standen f\u00fcr die neue Wahlperiode nicht mehr zur Verf\u00fcgung.<\/p>\n<p>Einen gelungenen Abschluss fand die Ratssitzung, als die ebenfalls im Dorfgemeinschaftshaus anwesende H\u00fcvener Musikkapelle w\u00e4hrend ihres \u00dcbungsabends von den Ehrungen erfuhr und der B\u00fcrgermeisterin spontan ein St\u00e4ndchen brachte.<\/p>\n<p>Text: Ingrid Cloppenburg \/ Foto: Samtgemeinde S\u00f6gel<\/p>\n<div id=\"attachment_20271\" style=\"width: 310px\" class=\"wp-caption alignnone\"><a href=\"https:\/\/www.forum-soegel.de\/information\/wp-content\/uploads\/2016\/12\/B\u00fcrgermeisterin-Hedwig-Fust-Sanders-nach-25-Jahren-Ratsarbeit-verabschiedet.jpg\"><img loading=\"lazy\" decoding=\"async\" aria-describedby=\"caption-attachment-20271\" class=\"size-medium wp-image-20271\" title=\"B\u00fcrgermeisterin Hedwig Fust-Sanders nach 25 Jahren Ratsarbeit verabschiedet\" src=\"https:\/\/www.forum-soegel.de\/information\/wp-content\/uploads\/2016\/12\/B\u00fcrgermeisterin-Hedwig-Fust-Sanders-nach-25-Jahren-Ratsarbeit-verabschiedet-300x225.jpg\" alt=\"\" width=\"300\" height=\"225\" srcset=\"https:\/\/www.forum-soegel.de\/information\/wp-content\/uploads\/2016\/12\/B\u00fcrgermeisterin-Hedwig-Fust-Sanders-nach-25-Jahren-Ratsarbeit-verabschiedet-300x225.jpg 300w, https:\/\/www.forum-soegel.de\/information\/wp-content\/uploads\/2016\/12\/B\u00fcrgermeisterin-Hedwig-Fust-Sanders-nach-25-Jahren-Ratsarbeit-verabschiedet.jpg 1024w\" sizes=\"auto, (max-width: 300px) 100vw, 300px\" \/><\/a><p id=\"caption-attachment-20271\" class=\"wp-caption-text\">B\u00fcrgermeisterin Hedwig Fust-Sanders und einige Ratsmitglieder wurden in der letzten Ratssitzung der noch laufenden Legislaturperiode feierlich verabschiedet. V.l. Walter Menger, Wilhelm Geers, Simone Borgmann, Hedwig Fust-Sanders, G\u00fcnter Wigbers und Bernd H\u00f6lken.<\/p><\/div>\n","protected":false},"excerpt":{"rendered":"Wigbers lobt besonderes Engagement der B\u00fcrgermeisterin H\u00fcven &#8211; Die B\u00fcrgermeisterin der Gemeinde H\u00fcven, Hedwig Fust-Sanders, wurde im Anschluss an ihre letzte Ratssitzung feierlich verabschiedet. Fust-Sanders stand bei der Kommunalwahl im September f\u00fcr eine weitere Legislaturperiode nicht zur Verf\u00fcgung.\u00a0 Sie hat 25 Jahre die Geschicke der Gemeinde H\u00fcven mitgestaltet. Zuerst als Ratsfrau, von 2001 bis 2006 [&hellip;]\n","protected":false},"author":2,"featured_media":0,"comment_status":"closed","ping_status":"closed","sticky":false,"template":"","format":"standard","meta":{"ngg_post_thumbnail":0,"footnotes":""},"categories":[3],"tags":[],"class_list":["post-20270","post","type-post","status-publish","format-standard","hentry","category-aktuelles-aus-der-region"],"_links":{"self":[{"href":"https:\/\/www.forum-soegel.de\/information\/wp-json\/wp\/v2\/posts\/20270","targetHints":{"allow":["GET"]}}],"collection":[{"href":"https:\/\/www.forum-soegel.de\/information\/wp-json\/wp\/v2\/posts"}],"about":[{"href":"https:\/\/www.forum-soegel.de\/information\/wp-json\/wp\/v2\/types\/post"}],"author":[{"embeddable":true,"href":"https:\/\/www.forum-soegel.de\/information\/wp-json\/wp\/v2\/users\/2"}],"replies":[{"embeddable":true,"href":"https:\/\/www.forum-soegel.de\/information\/wp-json\/wp\/v2\/comments?post=20270"}],"version-history":[{"count":1,"href":"https:\/\/www.forum-soegel.de\/information\/wp-json\/wp\/v2\/posts\/20270\/revisions"}],"predecessor-version":[{"id":20272,"href":"https:\/\/www.forum-soegel.de\/information\/wp-json\/wp\/v2\/posts\/20270\/revisions\/20272"}],"wp:attachment":[{"href":"https:\/\/www.forum-soegel.de\/information\/wp-json\/wp\/v2\/media?parent=20270"}],"wp:term":[{"taxonomy":"category","embeddable":true,"href":"https:\/\/www.forum-soegel.de\/information\/wp-json\/wp\/v2\/categories?post=20270"},{"taxonomy":"post_tag","embeddable":true,"href":"https:\/\/www.forum-soegel.de\/information\/wp-json\/wp\/v2\/tags?post=20270"}],"curies":[{"name":"wp","href":"https:\/\/api.w.org\/{rel}","templated":true}]}}