{"id":20259,"date":"2016-12-25T17:57:50","date_gmt":"2016-12-25T16:57:50","guid":{"rendered":"https:\/\/www.forum-soegel.de\/information\/?p=20259"},"modified":"2016-12-25T17:57:50","modified_gmt":"2016-12-25T16:57:50","slug":"ampelanlage-in-betrieb-gesetzt","status":"publish","type":"post","link":"https:\/\/www.forum-soegel.de\/information\/2016\/12\/ampelanlage-in-betrieb-gesetzt\/","title":{"rendered":"Ampelanlage in Betrieb gesetzt"},"content":{"rendered":"<p style=\"text-align: left;\" align=\"center\"><strong>Fu\u00df- und Radfahrverkehr auf der Sigiltrastra\u00dfe wird sicherer<\/strong><\/p>\n<p><a href=\"https:\/\/www.forum-soegel.de\/information\/wp-content\/uploads\/2016\/12\/Ampelanlage-in-Betrieb-gesetzt1.jpg\"><img loading=\"lazy\" decoding=\"async\" class=\"alignleft size-medium wp-image-20261\" title=\"Ampelanlage in Betrieb gesetzt\" src=\"https:\/\/www.forum-soegel.de\/information\/wp-content\/uploads\/2016\/12\/Ampelanlage-in-Betrieb-gesetzt1-300x225.jpg\" alt=\"\" width=\"300\" height=\"225\" srcset=\"https:\/\/www.forum-soegel.de\/information\/wp-content\/uploads\/2016\/12\/Ampelanlage-in-Betrieb-gesetzt1-300x225.jpg 300w, https:\/\/www.forum-soegel.de\/information\/wp-content\/uploads\/2016\/12\/Ampelanlage-in-Betrieb-gesetzt1.jpg 1024w\" sizes=\"auto, (max-width: 300px) 100vw, 300px\" \/><\/a>S\u00f6gel &#8211; Um die Verkehrssicherheit zu verbessern, wurde im Sommer dieses Jahres die Zufahrt zum Sport- und Freibadgel\u00e4nde in S\u00f6gel neu gestaltet.\u00a0 Die bisherige Zufahrt, die sich gegen\u00fcber der Einm\u00fcndung in die Gartenstra\u00dfe befand, wurde geschlossen und in \u00f6stlicher Richtung \u00fcber den sogenannten Esso- Platz verlegt. Jetzt wurde eine Ampel in Betrieb genommen.<\/p>\n<p>Josef G\u00f6\u00dfling (Mitte) vom Fachbereich Bauwesen der Samtgemeindeverwaltung entfernte gemeinsam mit J\u00fcrgen Grote (links) und Bernd Ostermann vom Bauhof S\u00f6gel die Absperrbake und gab die \u00dcberquerung frei.<\/p>\n<p>Die Einfahrt zum Sportgel\u00e4nde an der Sigiltrastra\u00dfe war schon l\u00e4nger ein Sorgenkind. F\u00fcr die Sch\u00fcler der Grundschule S\u00f6gel, die die Turnhalle am Waldbad benutzen, aber auch alle anderen Fu\u00dfg\u00e4nger und Radfahrer auf dem Weg zum Sportgel\u00e4nde mit angrenzendem Waldbad stellte die notwendige \u00dcberquerung der Sigiltrastra\u00dfe einen Gefahrenpunkt dar. Mit der neuen, durch eine Lichtzeichenanlage gesicherten \u00dcberquerung d\u00fcrfte das Problem beseitigt sein.<\/p>\n<p>Text: Ingrid Cloppenburg \/ Foto: Gemeinde S\u00f6gel<\/p>\n<p>&nbsp;<\/p>\n","protected":false},"excerpt":{"rendered":"Fu\u00df- und Radfahrverkehr auf der Sigiltrastra\u00dfe wird sicherer S\u00f6gel &#8211; Um die Verkehrssicherheit zu verbessern, wurde im Sommer dieses Jahres die Zufahrt zum Sport- und Freibadgel\u00e4nde in S\u00f6gel neu gestaltet.\u00a0 Die bisherige Zufahrt, die sich gegen\u00fcber der Einm\u00fcndung in die Gartenstra\u00dfe befand, wurde geschlossen und in \u00f6stlicher Richtung \u00fcber den sogenannten Esso- Platz verlegt. Jetzt [&hellip;]\n","protected":false},"author":2,"featured_media":0,"comment_status":"closed","ping_status":"closed","sticky":false,"template":"","format":"standard","meta":{"ngg_post_thumbnail":0,"footnotes":""},"categories":[3],"tags":[],"class_list":["post-20259","post","type-post","status-publish","format-standard","hentry","category-aktuelles-aus-der-region"],"_links":{"self":[{"href":"https:\/\/www.forum-soegel.de\/information\/wp-json\/wp\/v2\/posts\/20259","targetHints":{"allow":["GET"]}}],"collection":[{"href":"https:\/\/www.forum-soegel.de\/information\/wp-json\/wp\/v2\/posts"}],"about":[{"href":"https:\/\/www.forum-soegel.de\/information\/wp-json\/wp\/v2\/types\/post"}],"author":[{"embeddable":true,"href":"https:\/\/www.forum-soegel.de\/information\/wp-json\/wp\/v2\/users\/2"}],"replies":[{"embeddable":true,"href":"https:\/\/www.forum-soegel.de\/information\/wp-json\/wp\/v2\/comments?post=20259"}],"version-history":[{"count":1,"href":"https:\/\/www.forum-soegel.de\/information\/wp-json\/wp\/v2\/posts\/20259\/revisions"}],"predecessor-version":[{"id":20262,"href":"https:\/\/www.forum-soegel.de\/information\/wp-json\/wp\/v2\/posts\/20259\/revisions\/20262"}],"wp:attachment":[{"href":"https:\/\/www.forum-soegel.de\/information\/wp-json\/wp\/v2\/media?parent=20259"}],"wp:term":[{"taxonomy":"category","embeddable":true,"href":"https:\/\/www.forum-soegel.de\/information\/wp-json\/wp\/v2\/categories?post=20259"},{"taxonomy":"post_tag","embeddable":true,"href":"https:\/\/www.forum-soegel.de\/information\/wp-json\/wp\/v2\/tags?post=20259"}],"curies":[{"name":"wp","href":"https:\/\/api.w.org\/{rel}","templated":true}]}}