{"id":20191,"date":"2016-11-13T14:05:31","date_gmt":"2016-11-13T13:05:31","guid":{"rendered":"https:\/\/www.forum-soegel.de\/information\/?p=20191"},"modified":"2016-11-13T14:05:31","modified_gmt":"2016-11-13T13:05:31","slug":"zwei-neue-rollatoren-fur-die-patienten","status":"publish","type":"post","link":"https:\/\/www.forum-soegel.de\/information\/2016\/11\/zwei-neue-rollatoren-fur-die-patienten\/","title":{"rendered":"Zwei neue Rollatoren f\u00fcr die Patienten"},"content":{"rendered":"<p><strong>Jubil\u00e4ums-Geschenk f\u00fcr das H\u00fcmmling Hospital<\/strong><\/p>\n<p>S\u00f6gel &#8211; Das Hospital hat bereits im Sommer sein 150-j\u00e4hriges Jubil\u00e4um gefeiert. Ein nachtr\u00e4gliches Geschenk zum Geburtstag gab es von der Firma SOT. Gesch\u00e4ftsf\u00fchrer Herbert Seidel \u00fcbergab Astrid Schweer, Leitung Pflege- und Patientenmanagement, stellvertretend f\u00fcr das gesamte Haus zwei neue Rollatoren. Der gelernte Orthop\u00e4diemechaniker- Meister sprach noch einmal Gl\u00fcckw\u00fcnsche zum 150-j\u00e4hrigen Bestehen aus und betonte die gute und langj\u00e4hrige Zusammenarbeit. Ab sofort unterst\u00fctzen die Rollatoren Patienten bei den Wegen durch das Hospital.<\/p>\n<p>Text: Hanna Lohmann \/ Foto: H\u00fcmmling Hospital S\u00f6gel<\/p>\n<div id=\"attachment_20192\" style=\"width: 310px\" class=\"wp-caption alignnone\"><a href=\"https:\/\/www.forum-soegel.de\/information\/wp-content\/uploads\/2016\/11\/Zwei-neue-Rollatoren-f\u00fcr-die-Patienten.jpg\"><img loading=\"lazy\" decoding=\"async\" aria-describedby=\"caption-attachment-20192\" class=\"size-medium wp-image-20192\" title=\"Zwei neue Rollatoren f\u00fcr die Patienten\" src=\"https:\/\/www.forum-soegel.de\/information\/wp-content\/uploads\/2016\/11\/Zwei-neue-Rollatoren-f\u00fcr-die-Patienten-300x225.jpg\" alt=\"\" width=\"300\" height=\"225\" srcset=\"https:\/\/www.forum-soegel.de\/information\/wp-content\/uploads\/2016\/11\/Zwei-neue-Rollatoren-f\u00fcr-die-Patienten-300x225.jpg 300w, https:\/\/www.forum-soegel.de\/information\/wp-content\/uploads\/2016\/11\/Zwei-neue-Rollatoren-f\u00fcr-die-Patienten.jpg 1024w\" sizes=\"auto, (max-width: 300px) 100vw, 300px\" \/><\/a><p id=\"caption-attachment-20192\" class=\"wp-caption-text\">Astrid Schweer freut sich, gemeinsam mit Herbert Seidel, \u00fcber die neuen Gehhilfen.<\/p><\/div>\n","protected":false},"excerpt":{"rendered":"Jubil\u00e4ums-Geschenk f\u00fcr das H\u00fcmmling Hospital S\u00f6gel &#8211; Das Hospital hat bereits im Sommer sein 150-j\u00e4hriges Jubil\u00e4um gefeiert. Ein nachtr\u00e4gliches Geschenk zum Geburtstag gab es von der Firma SOT. Gesch\u00e4ftsf\u00fchrer Herbert Seidel \u00fcbergab Astrid Schweer, Leitung Pflege- und Patientenmanagement, stellvertretend f\u00fcr das gesamte Haus zwei neue Rollatoren. Der gelernte Orthop\u00e4diemechaniker- Meister sprach noch einmal Gl\u00fcckw\u00fcnsche zum [&hellip;]\n","protected":false},"author":2,"featured_media":0,"comment_status":"closed","ping_status":"closed","sticky":false,"template":"","format":"standard","meta":{"ngg_post_thumbnail":0,"footnotes":""},"categories":[25],"tags":[],"class_list":["post-20191","post","type-post","status-publish","format-standard","hentry","category-hauptsache-gesund"],"_links":{"self":[{"href":"https:\/\/www.forum-soegel.de\/information\/wp-json\/wp\/v2\/posts\/20191","targetHints":{"allow":["GET"]}}],"collection":[{"href":"https:\/\/www.forum-soegel.de\/information\/wp-json\/wp\/v2\/posts"}],"about":[{"href":"https:\/\/www.forum-soegel.de\/information\/wp-json\/wp\/v2\/types\/post"}],"author":[{"embeddable":true,"href":"https:\/\/www.forum-soegel.de\/information\/wp-json\/wp\/v2\/users\/2"}],"replies":[{"embeddable":true,"href":"https:\/\/www.forum-soegel.de\/information\/wp-json\/wp\/v2\/comments?post=20191"}],"version-history":[{"count":1,"href":"https:\/\/www.forum-soegel.de\/information\/wp-json\/wp\/v2\/posts\/20191\/revisions"}],"predecessor-version":[{"id":20193,"href":"https:\/\/www.forum-soegel.de\/information\/wp-json\/wp\/v2\/posts\/20191\/revisions\/20193"}],"wp:attachment":[{"href":"https:\/\/www.forum-soegel.de\/information\/wp-json\/wp\/v2\/media?parent=20191"}],"wp:term":[{"taxonomy":"category","embeddable":true,"href":"https:\/\/www.forum-soegel.de\/information\/wp-json\/wp\/v2\/categories?post=20191"},{"taxonomy":"post_tag","embeddable":true,"href":"https:\/\/www.forum-soegel.de\/information\/wp-json\/wp\/v2\/tags?post=20191"}],"curies":[{"name":"wp","href":"https:\/\/api.w.org\/{rel}","templated":true}]}}