{"id":201,"date":"2010-02-05T20:13:59","date_gmt":"2010-02-05T18:13:59","guid":{"rendered":"https:\/\/www.forum-soegel.de\/information\/?p=201"},"modified":"2010-02-05T20:13:59","modified_gmt":"2010-02-05T18:13:59","slug":"der-verein-der-ehemaligen-freunde-und-forderer-des-hummling-gymnasiums-sogel-e-v","status":"publish","type":"post","link":"https:\/\/www.forum-soegel.de\/information\/2010\/02\/der-verein-der-ehemaligen-freunde-und-forderer-des-hummling-gymnasiums-sogel-e-v\/","title":{"rendered":"Der Verein der Ehemaligen, Freunde und F\u00f6rderer des H\u00fcmmling Gymnasiums S\u00f6gel e.V."},"content":{"rendered":"<p><!-- \t\t@page { margin: 2cm } \t\tP { margin-bottom: 0.21cm } \t\tA:link { so-language: zxx } --><span style=\"font-family: Arial,sans-serif;\"><span style=\"font-size: x-small;\">In jedem Jahr veranstalten die Vorstandsmitglieder und flei\u00dfige Helfer am 23.12. die Feuerzangenbowle f\u00fcr alle Ehemaligen, Freunde und F\u00f6rderer des H\u00fcmmling Gymnasiums. Das wird immer gut angenommen, da viele &#8222;alte&#8220; Sch\u00fclerinnen und Sch\u00fcler \u00fcber die Feiertage im Emsland sind. Im Dezember 2009 fand die Veranstaltung erstmalig in der neuen Mensa statt und der Schulleiter Manfred Rojahn hat zudem noch zwei F\u00fchrungen durch das neue Geb\u00e4ude angeboten. Der Verein z\u00e4hlt ca. 300 Mitglieder. Neue Mitglieder sind herzlich willkommen. Der Mitgliedbeitrag betr\u00e4gt mindestens 5,- EUR im Jahr. Wer Interesse hat, kann sich gerne mit Karin Bojer oder der Schule in Verbindung setzen. Genaue Adressangaben usw. stehen auf der Hompage (<\/span><\/span><a href=\"file:\/\/\/I:\/andere%20sachen\/ifs%20%23\/Ausgabe%20Februar2010\/Aus%20der%20Schule%20geplaudert\/www.huem-gym.de\"><span style=\"color: #0000ff;\"><span style=\"font-family: Arial,sans-serif;\"><span style=\"font-size: x-small;\"><span style=\"text-decoration: underline;\">www.huem-gym.de<\/span><\/span><\/span><\/span><\/a><span style=\"font-family: Arial,sans-serif;\"><span style=\"font-size: x-small;\"> unter &#8222;Ehemalige&#8220;). Mit den eingenommenen Beitr\u00e4gen wird das H\u00fcmmling Gymnasium finanziell unterst\u00fctzt: So wurde 2008 ein neuer Trikotsatz f\u00fcr die Schulsportmannschaften gesponsert und in 2009 hat der Verein Herrn Rojahn beim Sponsorenlauf unterst\u00fctzt: Er ist 13 km gelaufen und der Verein hat ihm daf\u00fcr 2.000,- EUR f\u00fcr die Schulhofgestaltung \u00fcberwiesen. Bei runden Klassen- oder Jahrgangstreffen zahlt der Verein die Portokosten f\u00fcr die Einladungen. Au\u00dferdem sind die Vorstandsmitglieder bei der Einsicht der alten Abi-Klausuren behilflich. Wenn also ein ehemaliger Sch\u00fcler Interesse daran hat, seine alten Abitur-Klausuren einzusehen, kann er sich ebenfalls mit dem Verein in Verbindung setzen. In 2010 soll unter Mithilfe der Schulleitung und der Oberstufe ein Ehemaligenfest organisiert werden. Beabsichtigt ist, dass alle ehemaligen Sch\u00fclerinnen und Sch\u00fcler eingeladen werden, einen tollen Tag oder Abend miteinander zu verbringen. Es bietet sich da sicherlich die Gelegenheit, die Schule zu besichtigen und auch die neuen R\u00e4umlichkeiten (wie Mensa) kennenzulernen. Zum Foto des Vorstandes der Ehemaligen des H\u00fcmm-Gym:.l. Theresa Pohlmann, Christian Wellenbrock, Karin Bojer und Alexander Niermann. ( nicht auf dem Foto Andreas Bouras )<\/span><\/span><\/p>\n<p><span style=\"font-family: Arial,sans-serif;\"><span style=\"font-size: x-small;\">Text\/Foto: IC<br \/>\n<\/span><\/span><\/p>\n<p><span style=\"font-family: Arial,sans-serif;\"><span style=\"font-size: x-small;\"><a href=\"https:\/\/www.forum-soegel.de\/information\/wp-content\/uploads\/2010\/02\/H\u00fcmmlingGymnasiumVorstand_Ehemaligenverein.jpg\"><img loading=\"lazy\" decoding=\"async\" class=\"alignnone size-thumbnail wp-image-202\" title=\"H\u00fcmmlingGymnasiumVorstand_Ehemaligenverein\" src=\"https:\/\/www.forum-soegel.de\/information\/wp-content\/uploads\/2010\/02\/H\u00fcmmlingGymnasiumVorstand_Ehemaligenverein-150x150.jpg\" alt=\"\" width=\"135\" height=\"144\" \/><\/a><\/span><\/span><span style=\"font-family: Arial,sans-serif;\"><span style=\"font-size: xx-small;\">C<\/span><\/span><\/p>\n","protected":false},"excerpt":{"rendered":"In jedem Jahr veranstalten die Vorstandsmitglieder und flei\u00dfige Helfer am 23.12. die Feuerzangenbowle f\u00fcr alle Ehemaligen, Freunde und F\u00f6rderer des H\u00fcmmling Gymnasiums. Das wird immer gut angenommen, da viele &#8222;alte&#8220; Sch\u00fclerinnen und Sch\u00fcler \u00fcber die Feiertage im Emsland sind. Im Dezember 2009 fand die Veranstaltung erstmalig in der neuen Mensa statt und der Schulleiter Manfred [&hellip;]\n","protected":false},"author":2,"featured_media":0,"comment_status":"closed","ping_status":"closed","sticky":false,"template":"","format":"standard","meta":{"ngg_post_thumbnail":0,"footnotes":""},"categories":[6],"tags":[],"class_list":["post-201","post","type-post","status-publish","format-standard","hentry","category-aus-der-schule-geplaudert"],"_links":{"self":[{"href":"https:\/\/www.forum-soegel.de\/information\/wp-json\/wp\/v2\/posts\/201","targetHints":{"allow":["GET"]}}],"collection":[{"href":"https:\/\/www.forum-soegel.de\/information\/wp-json\/wp\/v2\/posts"}],"about":[{"href":"https:\/\/www.forum-soegel.de\/information\/wp-json\/wp\/v2\/types\/post"}],"author":[{"embeddable":true,"href":"https:\/\/www.forum-soegel.de\/information\/wp-json\/wp\/v2\/users\/2"}],"replies":[{"embeddable":true,"href":"https:\/\/www.forum-soegel.de\/information\/wp-json\/wp\/v2\/comments?post=201"}],"version-history":[{"count":2,"href":"https:\/\/www.forum-soegel.de\/information\/wp-json\/wp\/v2\/posts\/201\/revisions"}],"predecessor-version":[{"id":1260,"href":"https:\/\/www.forum-soegel.de\/information\/wp-json\/wp\/v2\/posts\/201\/revisions\/1260"}],"wp:attachment":[{"href":"https:\/\/www.forum-soegel.de\/information\/wp-json\/wp\/v2\/media?parent=201"}],"wp:term":[{"taxonomy":"category","embeddable":true,"href":"https:\/\/www.forum-soegel.de\/information\/wp-json\/wp\/v2\/categories?post=201"},{"taxonomy":"post_tag","embeddable":true,"href":"https:\/\/www.forum-soegel.de\/information\/wp-json\/wp\/v2\/tags?post=201"}],"curies":[{"name":"wp","href":"https:\/\/api.w.org\/{rel}","templated":true}]}}